{"id":992,"date":"2021-03-08T18:52:53","date_gmt":"2021-03-08T21:52:53","guid":{"rendered":"https:\/\/www.aureacarolina.com.br\/camara\/?p=992"},"modified":"2021-03-08T18:52:53","modified_gmt":"2021-03-08T21:52:53","slug":"com-a-coautoria-de-aurea-carolina-lei-que-garante-o-direito-a-moradia-para-mulheres-em-situacao-de-violencia-passa-a-valer-em-bh","status":"publish","type":"post","link":"https:\/\/www.aureacarolina.com.br\/camara\/2021\/03\/08\/com-a-coautoria-de-aurea-carolina-lei-que-garante-o-direito-a-moradia-para-mulheres-em-situacao-de-violencia-passa-a-valer-em-bh\/","title":{"rendered":"Com a coautoria de \u00c1urea Carolina, lei que garante o direito \u00e0 moradia para mulheres em situa\u00e7\u00e3o de viol\u00eancia passa a valer em BH"},"content":{"rendered":"<p>A Lei Morada Segura, em BH, est\u00e1 regulamentada! Isso significa que ela j\u00e1 pode ser implementada no munic\u00edpio. Pela lei, mulheres em situa\u00e7\u00e3o de viol\u00eancia, que foram atendidas por equipamentos p\u00fablicos da cidade, dever\u00e3o ser encaminhadas para pol\u00edticas de moradia.<\/p>\n<p>Constru\u00edmos essa lei quando eu ainda era vereadora, no mandato coletivo com Cida Falabella e em coverean\u00e7a com Bella Gon\u00e7alves. A elabora\u00e7\u00e3o se deu em conjunto com movimentos de moradia e feministas de BH e, n\u00e3o por acaso, escolhemos protocol\u00e1-lo em 8 de mar\u00e7o de 2018, h\u00e1 exatos tr\u00eas anos. Na \u00e9poca, o mandato tamb\u00e9m apresentou e aprovou no or\u00e7amento p\u00fablico emendas que garantiram recursos para implement\u00e1-lo.<\/p>\n<p>Como uma das autoras do projeto que deu origem \u00e0 lei, fico extremamente feliz em saber que essas mulheres ter\u00e3o seu direito \u00e0 moradia assegurado. Com isso, elas poder\u00e3o reconstruir suas vidas sob um teto seguro, algo fundamental para que possam romper com o ciclo de viol\u00eancia machista.<\/p>\n<p>Toda conquista \u00e9 para celebrar! Pela vida e dignidade de todas n\u00f3s, seguimos!<\/p>\n","protected":false},"excerpt":{"rendered":"<p>A Lei Morada Segura, em BH, est\u00e1 regulamentada! Isso significa que ela j\u00e1 pode ser implementada no munic\u00edpio. Pela lei, [&hellip;]<\/p>\n","protected":false},"author":1,"featured_media":993,"comment_status":"open","ping_status":"open","sticky":false,"template":"","format":"standard","meta":[],"categories":[18],"tags":[],"yoast_head":"<!-- This site is optimized with the Yoast SEO plugin v16.4 - https:\/\/yoast.com\/wordpress\/plugins\/seo\/ -->\n<title>Com a coautoria de \u00c1urea Carolina, lei que garante o direito \u00e0 moradia para mulheres em situa\u00e7\u00e3o de viol\u00eancia passa a valer em BH - \u00c1urea Carolina<\/title>\n<meta name=\"robots\" content=\"index, follow, max-snippet:-1, max-image-preview:large, max-video-preview:-1\" \/>\n<link rel=\"canonical\" href=\"https:\/\/www.aureacarolina.com.br\/camara\/2021\/03\/08\/com-a-coautoria-de-aurea-carolina-lei-que-garante-o-direito-a-moradia-para-mulheres-em-situacao-de-violencia-passa-a-valer-em-bh\/\" \/>\n<meta property=\"og:locale\" content=\"pt_BR\" \/>\n<meta property=\"og:type\" content=\"article\" \/>\n<meta property=\"og:title\" content=\"Com a coautoria de \u00c1urea Carolina, lei que garante o direito \u00e0 moradia para mulheres em situa\u00e7\u00e3o de viol\u00eancia passa a valer em BH - \u00c1urea Carolina\" \/>\n<meta property=\"og:description\" content=\"A Lei Morada Segura, em BH, est\u00e1 regulamentada! Isso significa que ela j\u00e1 pode ser implementada no munic\u00edpio. Pela lei, [&hellip;]\" \/>\n<meta property=\"og:url\" content=\"https:\/\/www.aureacarolina.com.br\/camara\/2021\/03\/08\/com-a-coautoria-de-aurea-carolina-lei-que-garante-o-direito-a-moradia-para-mulheres-em-situacao-de-violencia-passa-a-valer-em-bh\/\" \/>\n<meta property=\"og:site_name\" content=\"\u00c1urea Carolina\" \/>\n<meta property=\"article:published_time\" content=\"2021-03-08T21:52:53+00:00\" \/>\n<meta property=\"og:image\" content=\"https:\/\/www.aureacarolina.com.br\/camara\/wp-content\/uploads\/2021\/03\/PL-morada-segura.jpg\" \/>\n\t<meta property=\"og:image:width\" content=\"1944\" \/>\n\t<meta property=\"og:image:height\" content=\"1296\" \/>\n<meta name=\"twitter:card\" content=\"summary_large_image\" \/>\n<meta name=\"twitter:label1\" content=\"Est. tempo de leitura\" \/>\n\t<meta name=\"twitter:data1\" content=\"1 minuto\" \/>\n<script type=\"application\/ld+json\" class=\"yoast-schema-graph\">{\"@context\":\"https:\/\/schema.org\",\"@graph\":[{\"@type\":\"WebSite\",\"@id\":\"https:\/\/www.aureacarolina.com.br\/camara\/#website\",\"url\":\"https:\/\/www.aureacarolina.com.br\/camara\/\",\"name\":\"\\u00c1urea Carolina\",\"description\":\"deputada federal\",\"potentialAction\":[{\"@type\":\"SearchAction\",\"target\":\"https:\/\/www.aureacarolina.com.br\/camara\/?s={search_term_string}\",\"query-input\":\"required name=search_term_string\"}],\"inLanguage\":\"pt-BR\"},{\"@type\":\"ImageObject\",\"@id\":\"https:\/\/www.aureacarolina.com.br\/camara\/2021\/03\/08\/com-a-coautoria-de-aurea-carolina-lei-que-garante-o-direito-a-moradia-para-mulheres-em-situacao-de-violencia-passa-a-valer-em-bh\/#primaryimage\",\"inLanguage\":\"pt-BR\",\"url\":\"https:\/\/www.aureacarolina.com.br\/camara\/wp-content\/uploads\/2021\/03\/PL-morada-segura.jpg\",\"contentUrl\":\"https:\/\/www.aureacarolina.com.br\/camara\/wp-content\/uploads\/2021\/03\/PL-morada-segura.jpg\",\"width\":1944,\"height\":1296},{\"@type\":\"WebPage\",\"@id\":\"https:\/\/www.aureacarolina.com.br\/camara\/2021\/03\/08\/com-a-coautoria-de-aurea-carolina-lei-que-garante-o-direito-a-moradia-para-mulheres-em-situacao-de-violencia-passa-a-valer-em-bh\/#webpage\",\"url\":\"https:\/\/www.aureacarolina.com.br\/camara\/2021\/03\/08\/com-a-coautoria-de-aurea-carolina-lei-que-garante-o-direito-a-moradia-para-mulheres-em-situacao-de-violencia-passa-a-valer-em-bh\/\",\"name\":\"Com a coautoria de \\u00c1urea Carolina, lei que garante o direito \\u00e0 moradia para mulheres em situa\\u00e7\\u00e3o de viol\\u00eancia passa a valer em BH - \\u00c1urea Carolina\",\"isPartOf\":{\"@id\":\"https:\/\/www.aureacarolina.com.br\/camara\/#website\"},\"primaryImageOfPage\":{\"@id\":\"https:\/\/www.aureacarolina.com.br\/camara\/2021\/03\/08\/com-a-coautoria-de-aurea-carolina-lei-que-garante-o-direito-a-moradia-para-mulheres-em-situacao-de-violencia-passa-a-valer-em-bh\/#primaryimage\"},\"datePublished\":\"2021-03-08T21:52:53+00:00\",\"dateModified\":\"2021-03-08T21:52:53+00:00\",\"author\":{\"@id\":\"https:\/\/www.aureacarolina.com.br\/camara\/#\/schema\/person\/ea5a01c25f36c70fae3fe96859684ab1\"},\"breadcrumb\":{\"@id\":\"https:\/\/www.aureacarolina.com.br\/camara\/2021\/03\/08\/com-a-coautoria-de-aurea-carolina-lei-que-garante-o-direito-a-moradia-para-mulheres-em-situacao-de-violencia-passa-a-valer-em-bh\/#breadcrumb\"},\"inLanguage\":\"pt-BR\",\"potentialAction\":[{\"@type\":\"ReadAction\",\"target\":[\"https:\/\/www.aureacarolina.com.br\/camara\/2021\/03\/08\/com-a-coautoria-de-aurea-carolina-lei-que-garante-o-direito-a-moradia-para-mulheres-em-situacao-de-violencia-passa-a-valer-em-bh\/\"]}]},{\"@type\":\"BreadcrumbList\",\"@id\":\"https:\/\/www.aureacarolina.com.br\/camara\/2021\/03\/08\/com-a-coautoria-de-aurea-carolina-lei-que-garante-o-direito-a-moradia-para-mulheres-em-situacao-de-violencia-passa-a-valer-em-bh\/#breadcrumb\",\"itemListElement\":[{\"@type\":\"ListItem\",\"position\":1,\"item\":{\"@type\":\"WebPage\",\"@id\":\"https:\/\/www.aureacarolina.com.br\/camara\/\",\"url\":\"https:\/\/www.aureacarolina.com.br\/camara\/\",\"name\":\"In\\u00edcio\"}},{\"@type\":\"ListItem\",\"position\":2,\"item\":{\"@id\":\"https:\/\/www.aureacarolina.com.br\/camara\/2021\/03\/08\/com-a-coautoria-de-aurea-carolina-lei-que-garante-o-direito-a-moradia-para-mulheres-em-situacao-de-violencia-passa-a-valer-em-bh\/#webpage\"}}]},{\"@type\":\"Person\",\"@id\":\"https:\/\/www.aureacarolina.com.br\/camara\/#\/schema\/person\/ea5a01c25f36c70fae3fe96859684ab1\",\"name\":\"AdmAurea\",\"image\":{\"@type\":\"ImageObject\",\"@id\":\"https:\/\/www.aureacarolina.com.br\/camara\/#personlogo\",\"inLanguage\":\"pt-BR\",\"url\":\"https:\/\/secure.gravatar.com\/avatar\/21a05777d1847c3fb829a6c9f224ea0d?s=96&d=mm&r=g\",\"contentUrl\":\"https:\/\/secure.gravatar.com\/avatar\/21a05777d1847c3fb829a6c9f224ea0d?s=96&d=mm&r=g\",\"caption\":\"AdmAurea\"},\"url\":\"https:\/\/www.aureacarolina.com.br\/camara\/author\/admaurea\/\"}]}<\/script>\n<!-- \/ Yoast SEO plugin. -->","_links":{"self":[{"href":"https:\/\/www.aureacarolina.com.br\/camara\/wp-json\/wp\/v2\/posts\/992"}],"collection":[{"href":"https:\/\/www.aureacarolina.com.br\/camara\/wp-json\/wp\/v2\/posts"}],"about":[{"href":"https:\/\/www.aureacarolina.com.br\/camara\/wp-json\/wp\/v2\/types\/post"}],"author":[{"embeddable":true,"href":"https:\/\/www.aureacarolina.com.br\/camara\/wp-json\/wp\/v2\/users\/1"}],"replies":[{"embeddable":true,"href":"https:\/\/www.aureacarolina.com.br\/camara\/wp-json\/wp\/v2\/comments?post=992"}],"version-history":[{"count":1,"href":"https:\/\/www.aureacarolina.com.br\/camara\/wp-json\/wp\/v2\/posts\/992\/revisions"}],"predecessor-version":[{"id":994,"href":"https:\/\/www.aureacarolina.com.br\/camara\/wp-json\/wp\/v2\/posts\/992\/revisions\/994"}],"wp:featuredmedia":[{"embeddable":true,"href":"https:\/\/www.aureacarolina.com.br\/camara\/wp-json\/wp\/v2\/media\/993"}],"wp:attachment":[{"href":"https:\/\/www.aureacarolina.com.br\/camara\/wp-json\/wp\/v2\/media?parent=992"}],"wp:term":[{"taxonomy":"category","embeddable":true,"href":"https:\/\/www.aureacarolina.com.br\/camara\/wp-json\/wp\/v2\/categories?post=992"},{"taxonomy":"post_tag","embeddable":true,"href":"https:\/\/www.aureacarolina.com.br\/camara\/wp-json\/wp\/v2\/tags?post=992"}],"curies":[{"name":"wp","href":"https:\/\/api.w.org\/{rel}","templated":true}]}}