{"id":845,"date":"2020-12-17T17:30:48","date_gmt":"2020-12-17T19:30:48","guid":{"rendered":"https:\/\/www.aureacarolina.com.br\/camara\/?p=845"},"modified":"2020-12-17T18:17:33","modified_gmt":"2020-12-17T20:17:33","slug":"por-uma-secretaria-afroindigena-na-camara-dos-deputados","status":"publish","type":"post","link":"https:\/\/www.aureacarolina.com.br\/camara\/2020\/12\/17\/por-uma-secretaria-afroindigena-na-camara-dos-deputados\/","title":{"rendered":"Por uma Secretaria Afroind\u00edgena na C\u00e2mara dos Deputados!"},"content":{"rendered":"<p>Protocolei com as queridas Tal\u00edria Petrone, Benedita da Silva, Jo\u00eania Wapichana, David Miranda e Bira do Pindar\u00e9, na quarta-feira, 16 de dezembro, um <a href=\"https:\/\/www.camara.leg.br\/proposicoesWeb\/prop_mostrarintegra;jsessionid=node01gkhc9uf2wwp310adxd7ib82av1992235.node0?codteor=1952556&amp;filename=PRC+77\/2020\">Projeto de Resolu\u00e7\u00e3o<\/a> para a cria\u00e7\u00e3o da Secretaria de Igualdade Racial, dentro da estrutura da C\u00e2mara dos Deputados. A secretaria ir\u00e1 tratar das quest\u00f5es relacionadas \u00e0 popula\u00e7\u00e3o negra e ind\u00edgena, no que se refere ao enfrentamento ao racismo, defesa dos direitos humanos e da vida desses grupos.<\/p>\n<p>Nossa luta \u00e9 pela conquista e garantia de direitos que nos foram historicamente negados pelo racismo. Enfrent\u00e1-lo exige esfor\u00e7os e compromissos capazes de rever as estruturas tradicionais, para que as popula\u00e7\u00f5es negra e ind\u00edgena possam participar das decis\u00f5es sobre o pa\u00eds. \u00c9 urgente ampliar o entendimento de que medidas antirracistas precisam ser uma prioridade do Parlamento. \u2800<\/p>\n<p>A cria\u00e7\u00e3o deste espa\u00e7o institucional \u00e9 uma estrat\u00e9gia resist\u00eancia, que celebra nosso pacto de irmandade com a popula\u00e7\u00e3o ind\u00edgena, para enfrentar as in\u00fameras express\u00f5es de viola\u00e7\u00e3o de direitos que vivemos no pa\u00eds!<\/p>\n<p>Conhe\u00e7a o <a href=\"https:\/\/www.camara.leg.br\/proposicoesWeb\/prop_mostrarintegra;jsessionid=node01gkhc9uf2wwp310adxd7ib82av1992235.node0?codteor=1952556&amp;filename=PRC+77\/2020\">Projeto de Resolu\u00e7\u00e3o 77\/2020<\/a>.<\/p>\n<p>&nbsp;<\/p>\n","protected":false},"excerpt":{"rendered":"<p>Protocolei com as queridas Tal\u00edria Petrone, Benedita da Silva, Jo\u00eania Wapichana, David Miranda e Bira do Pindar\u00e9, na quarta-feira, 16 [&hellip;]<\/p>\n","protected":false},"author":1,"featured_media":846,"comment_status":"open","ping_status":"open","sticky":false,"template":"","format":"standard","meta":[],"categories":[16],"tags":[],"yoast_head":"<!-- This site is optimized with the Yoast SEO plugin v16.4 - https:\/\/yoast.com\/wordpress\/plugins\/seo\/ -->\n<title>Por uma Secretaria Afroind\u00edgena na C\u00e2mara dos Deputados! - \u00c1urea Carolina<\/title>\n<meta name=\"robots\" content=\"index, follow, max-snippet:-1, max-image-preview:large, max-video-preview:-1\" \/>\n<link rel=\"canonical\" href=\"https:\/\/www.aureacarolina.com.br\/camara\/2020\/12\/17\/por-uma-secretaria-afroindigena-na-camara-dos-deputados\/\" \/>\n<meta property=\"og:locale\" content=\"pt_BR\" \/>\n<meta property=\"og:type\" content=\"article\" \/>\n<meta property=\"og:title\" content=\"Por uma Secretaria Afroind\u00edgena na C\u00e2mara dos Deputados! - \u00c1urea Carolina\" \/>\n<meta property=\"og:description\" content=\"Protocolei com as queridas Tal\u00edria Petrone, Benedita da Silva, Jo\u00eania Wapichana, David Miranda e Bira do Pindar\u00e9, na quarta-feira, 16 [&hellip;]\" \/>\n<meta property=\"og:url\" content=\"https:\/\/www.aureacarolina.com.br\/camara\/2020\/12\/17\/por-uma-secretaria-afroindigena-na-camara-dos-deputados\/\" \/>\n<meta property=\"og:site_name\" content=\"\u00c1urea Carolina\" \/>\n<meta property=\"article:published_time\" content=\"2020-12-17T19:30:48+00:00\" \/>\n<meta property=\"article:modified_time\" content=\"2020-12-17T20:17:33+00:00\" \/>\n<meta property=\"og:image\" content=\"https:\/\/www.aureacarolina.com.br\/camara\/wp-content\/uploads\/2020\/12\/WhatsApp-Image-2020-12-17-at-16.57.30.jpeg\" \/>\n\t<meta property=\"og:image:width\" content=\"1280\" \/>\n\t<meta property=\"og:image:height\" content=\"1280\" \/>\n<meta name=\"twitter:card\" content=\"summary_large_image\" \/>\n<meta name=\"twitter:label1\" content=\"Est. tempo de leitura\" \/>\n\t<meta name=\"twitter:data1\" content=\"1 minuto\" \/>\n<script type=\"application\/ld+json\" class=\"yoast-schema-graph\">{\"@context\":\"https:\/\/schema.org\",\"@graph\":[{\"@type\":\"WebSite\",\"@id\":\"https:\/\/www.aureacarolina.com.br\/camara\/#website\",\"url\":\"https:\/\/www.aureacarolina.com.br\/camara\/\",\"name\":\"\\u00c1urea Carolina\",\"description\":\"deputada federal\",\"potentialAction\":[{\"@type\":\"SearchAction\",\"target\":\"https:\/\/www.aureacarolina.com.br\/camara\/?s={search_term_string}\",\"query-input\":\"required name=search_term_string\"}],\"inLanguage\":\"pt-BR\"},{\"@type\":\"ImageObject\",\"@id\":\"https:\/\/www.aureacarolina.com.br\/camara\/2020\/12\/17\/por-uma-secretaria-afroindigena-na-camara-dos-deputados\/#primaryimage\",\"inLanguage\":\"pt-BR\",\"url\":\"https:\/\/www.aureacarolina.com.br\/camara\/wp-content\/uploads\/2020\/12\/WhatsApp-Image-2020-12-17-at-16.57.30.jpeg\",\"contentUrl\":\"https:\/\/www.aureacarolina.com.br\/camara\/wp-content\/uploads\/2020\/12\/WhatsApp-Image-2020-12-17-at-16.57.30.jpeg\",\"width\":1280,\"height\":1280},{\"@type\":\"WebPage\",\"@id\":\"https:\/\/www.aureacarolina.com.br\/camara\/2020\/12\/17\/por-uma-secretaria-afroindigena-na-camara-dos-deputados\/#webpage\",\"url\":\"https:\/\/www.aureacarolina.com.br\/camara\/2020\/12\/17\/por-uma-secretaria-afroindigena-na-camara-dos-deputados\/\",\"name\":\"Por uma Secretaria Afroind\\u00edgena na C\\u00e2mara dos Deputados! - \\u00c1urea Carolina\",\"isPartOf\":{\"@id\":\"https:\/\/www.aureacarolina.com.br\/camara\/#website\"},\"primaryImageOfPage\":{\"@id\":\"https:\/\/www.aureacarolina.com.br\/camara\/2020\/12\/17\/por-uma-secretaria-afroindigena-na-camara-dos-deputados\/#primaryimage\"},\"datePublished\":\"2020-12-17T19:30:48+00:00\",\"dateModified\":\"2020-12-17T20:17:33+00:00\",\"author\":{\"@id\":\"https:\/\/www.aureacarolina.com.br\/camara\/#\/schema\/person\/ea5a01c25f36c70fae3fe96859684ab1\"},\"breadcrumb\":{\"@id\":\"https:\/\/www.aureacarolina.com.br\/camara\/2020\/12\/17\/por-uma-secretaria-afroindigena-na-camara-dos-deputados\/#breadcrumb\"},\"inLanguage\":\"pt-BR\",\"potentialAction\":[{\"@type\":\"ReadAction\",\"target\":[\"https:\/\/www.aureacarolina.com.br\/camara\/2020\/12\/17\/por-uma-secretaria-afroindigena-na-camara-dos-deputados\/\"]}]},{\"@type\":\"BreadcrumbList\",\"@id\":\"https:\/\/www.aureacarolina.com.br\/camara\/2020\/12\/17\/por-uma-secretaria-afroindigena-na-camara-dos-deputados\/#breadcrumb\",\"itemListElement\":[{\"@type\":\"ListItem\",\"position\":1,\"item\":{\"@type\":\"WebPage\",\"@id\":\"https:\/\/www.aureacarolina.com.br\/camara\/\",\"url\":\"https:\/\/www.aureacarolina.com.br\/camara\/\",\"name\":\"In\\u00edcio\"}},{\"@type\":\"ListItem\",\"position\":2,\"item\":{\"@id\":\"https:\/\/www.aureacarolina.com.br\/camara\/2020\/12\/17\/por-uma-secretaria-afroindigena-na-camara-dos-deputados\/#webpage\"}}]},{\"@type\":\"Person\",\"@id\":\"https:\/\/www.aureacarolina.com.br\/camara\/#\/schema\/person\/ea5a01c25f36c70fae3fe96859684ab1\",\"name\":\"AdmAurea\",\"image\":{\"@type\":\"ImageObject\",\"@id\":\"https:\/\/www.aureacarolina.com.br\/camara\/#personlogo\",\"inLanguage\":\"pt-BR\",\"url\":\"https:\/\/secure.gravatar.com\/avatar\/21a05777d1847c3fb829a6c9f224ea0d?s=96&d=mm&r=g\",\"contentUrl\":\"https:\/\/secure.gravatar.com\/avatar\/21a05777d1847c3fb829a6c9f224ea0d?s=96&d=mm&r=g\",\"caption\":\"AdmAurea\"},\"url\":\"https:\/\/www.aureacarolina.com.br\/camara\/author\/admaurea\/\"}]}<\/script>\n<!-- \/ Yoast SEO plugin. -->","_links":{"self":[{"href":"https:\/\/www.aureacarolina.com.br\/camara\/wp-json\/wp\/v2\/posts\/845"}],"collection":[{"href":"https:\/\/www.aureacarolina.com.br\/camara\/wp-json\/wp\/v2\/posts"}],"about":[{"href":"https:\/\/www.aureacarolina.com.br\/camara\/wp-json\/wp\/v2\/types\/post"}],"author":[{"embeddable":true,"href":"https:\/\/www.aureacarolina.com.br\/camara\/wp-json\/wp\/v2\/users\/1"}],"replies":[{"embeddable":true,"href":"https:\/\/www.aureacarolina.com.br\/camara\/wp-json\/wp\/v2\/comments?post=845"}],"version-history":[{"count":5,"href":"https:\/\/www.aureacarolina.com.br\/camara\/wp-json\/wp\/v2\/posts\/845\/revisions"}],"predecessor-version":[{"id":851,"href":"https:\/\/www.aureacarolina.com.br\/camara\/wp-json\/wp\/v2\/posts\/845\/revisions\/851"}],"wp:featuredmedia":[{"embeddable":true,"href":"https:\/\/www.aureacarolina.com.br\/camara\/wp-json\/wp\/v2\/media\/846"}],"wp:attachment":[{"href":"https:\/\/www.aureacarolina.com.br\/camara\/wp-json\/wp\/v2\/media?parent=845"}],"wp:term":[{"taxonomy":"category","embeddable":true,"href":"https:\/\/www.aureacarolina.com.br\/camara\/wp-json\/wp\/v2\/categories?post=845"},{"taxonomy":"post_tag","embeddable":true,"href":"https:\/\/www.aureacarolina.com.br\/camara\/wp-json\/wp\/v2\/tags?post=845"}],"curies":[{"name":"wp","href":"https:\/\/api.w.org\/{rel}","templated":true}]}}