{"id":808,"date":"2020-09-28T18:41:08","date_gmt":"2020-09-28T21:41:08","guid":{"rendered":"https:\/\/www.aureacarolina.com.br\/camara\/?p=808"},"modified":"2020-11-25T18:37:20","modified_gmt":"2020-11-25T20:37:20","slug":"aurea-recorre-ao-ministerio-publico-pela-manutencao-de-auxilio-a-atingidos-de-brumadinho","status":"publish","type":"post","link":"https:\/\/www.aureacarolina.com.br\/camara\/2020\/09\/28\/aurea-recorre-ao-ministerio-publico-pela-manutencao-de-auxilio-a-atingidos-de-brumadinho\/","title":{"rendered":"\u00c1urea vai ao Minist\u00e9rio P\u00fablico pela manuten\u00e7\u00e3o de aux\u00edlio a atingidos da Vale"},"content":{"rendered":"<p>Desde a trag\u00e9dia criminosa da Vale em Brumadinho, em janeiro de 2019, a empresa paga um aux\u00edlio emergencial mensal \u00e0s pessoas e fam\u00edlias atingidas. O valor \u00e9 uma forma de compensar o enorme preju\u00edzo do rompimento da barragem sobre as atividades produtivas ao longo da bacia do Paraopeba.<\/p>\n<p>Segundo um acordo realizado em audi\u00eancia p\u00fablica, o benef\u00edcio deveria ser renovado em setembro deste ano. Lideran\u00e7as comunit\u00e1rias da regi\u00e3o informaram ao nosso mandato, no entanto, que a pandemia tem dificultado enormemente a participa\u00e7\u00e3o popular na elabora\u00e7\u00e3o de crit\u00e9rios para a renova\u00e7\u00e3o do aux\u00edlio, bem como a retomada das atividades econ\u00f4micas na regi\u00e3o.<\/p>\n<p>Outro fato grave \u00e9 que v\u00e1rios munic\u00edpios, especialmente aqueles localizados ap\u00f3s Felixl\u00e2ndia, \u00e0s margens da represa de Tr\u00eas Marias, n\u00e3o foram contemplados pelo aux\u00edlio emergencial da empresa. Isso deixou pescadores e produtores em situa\u00e7\u00e3o de extrema vulnerabilidade.<\/p>\n<p>Isso \u00e9 inaceit\u00e1vel! Especialmente em uma empresa que, em 2019, distribuiu mais de 7 bilh\u00f5es de lucro a seus acionistas e menos de 3 bilh\u00f5es com indeniza\u00e7\u00f5es, doa\u00e7\u00f5es e aux\u00edlios. Que, no in\u00edcio deste ano, j\u00e1 havia recuperado todo o seu valor de mercado. Que recentemente foi alvo de pedido de interven\u00e7\u00e3o judicial do Minist\u00e9rio P\u00fablico por privilegiar o lucro em detrimento da seguran\u00e7a de suas barragens. \u00c9 um completo descaso com a vida das pessoas!<\/p>\n<p>Por isso, solicitamos ao Minist\u00e9rio P\u00fablico Federal e Estadual e \u00e0 Defensoria P\u00fablica da Uni\u00e3o e do Estado de Minas Gerais, que eles pe\u00e7am na Justi\u00e7a a manuten\u00e7\u00e3o do aux\u00edlio emergencial nos mesmos crit\u00e9rios j\u00e1 estabelecidos antes, at\u00e9 o fim do distanciamento social. Pedimos tamb\u00e9m que estudem a viabilidade de incluir no benef\u00edcio as pessoas e fam\u00edlias ainda n\u00e3o contempladas, al\u00e9m da aten\u00e7\u00e3o para poss\u00edveis abusos e ilegalidades perpetrados pela Vale S\/A no momento de realiza\u00e7\u00e3o dos acordos extrajudiciais.<\/p>\n<p>Desde o in\u00edcio, nossa Gabinetona est\u00e1 empenhada na garantia de repara\u00e7\u00e3o para os atingidos e na responsabiliza\u00e7\u00e3o de todos os culpados pela maior trag\u00e9dia ambiental da nossa hist\u00f3ria. Estaremos sempre ao lado dos atingidos! Mar de lama nunca mais!<\/p>\n<p><em>Imagem em destaque: M\u00eddia Ninja<\/em><\/p>\n","protected":false},"excerpt":{"rendered":"<p>Desde a trag\u00e9dia criminosa da Vale em Brumadinho, em janeiro de 2019, a empresa paga um aux\u00edlio emergencial mensal \u00e0s [&hellip;]<\/p>\n","protected":false},"author":1,"featured_media":809,"comment_status":"closed","ping_status":"open","sticky":false,"template":"","format":"standard","meta":[],"categories":[16],"tags":[],"yoast_head":"<!-- This site is optimized with the Yoast SEO plugin v16.4 - https:\/\/yoast.com\/wordpress\/plugins\/seo\/ -->\n<title>\u00c1urea vai ao Minist\u00e9rio P\u00fablico pela manuten\u00e7\u00e3o de aux\u00edlio a atingidos da Vale - \u00c1urea Carolina<\/title>\n<meta name=\"robots\" content=\"index, follow, max-snippet:-1, max-image-preview:large, max-video-preview:-1\" \/>\n<link rel=\"canonical\" href=\"https:\/\/www.aureacarolina.com.br\/camara\/2020\/09\/28\/aurea-recorre-ao-ministerio-publico-pela-manutencao-de-auxilio-a-atingidos-de-brumadinho\/\" \/>\n<meta property=\"og:locale\" content=\"pt_BR\" \/>\n<meta property=\"og:type\" content=\"article\" \/>\n<meta property=\"og:title\" content=\"\u00c1urea vai ao Minist\u00e9rio P\u00fablico pela manuten\u00e7\u00e3o de aux\u00edlio a atingidos da Vale - \u00c1urea Carolina\" \/>\n<meta property=\"og:description\" content=\"Desde a trag\u00e9dia criminosa da Vale em Brumadinho, em janeiro de 2019, a empresa paga um aux\u00edlio emergencial mensal \u00e0s [&hellip;]\" \/>\n<meta property=\"og:url\" content=\"https:\/\/www.aureacarolina.com.br\/camara\/2020\/09\/28\/aurea-recorre-ao-ministerio-publico-pela-manutencao-de-auxilio-a-atingidos-de-brumadinho\/\" \/>\n<meta property=\"og:site_name\" content=\"\u00c1urea Carolina\" \/>\n<meta property=\"article:published_time\" content=\"2020-09-28T21:41:08+00:00\" \/>\n<meta property=\"article:modified_time\" content=\"2020-11-25T20:37:20+00:00\" \/>\n<meta property=\"og:image\" content=\"https:\/\/www.aureacarolina.com.br\/camara\/wp-content\/uploads\/2020\/09\/3.Mar-de-lama_03.jpg\" \/>\n\t<meta property=\"og:image:width\" content=\"1280\" \/>\n\t<meta property=\"og:image:height\" content=\"853\" \/>\n<meta name=\"twitter:card\" content=\"summary_large_image\" \/>\n<meta name=\"twitter:label1\" content=\"Est. tempo de leitura\" \/>\n\t<meta name=\"twitter:data1\" content=\"2 minutos\" \/>\n<script type=\"application\/ld+json\" class=\"yoast-schema-graph\">{\"@context\":\"https:\/\/schema.org\",\"@graph\":[{\"@type\":\"WebSite\",\"@id\":\"https:\/\/www.aureacarolina.com.br\/camara\/#website\",\"url\":\"https:\/\/www.aureacarolina.com.br\/camara\/\",\"name\":\"\\u00c1urea Carolina\",\"description\":\"deputada federal\",\"potentialAction\":[{\"@type\":\"SearchAction\",\"target\":\"https:\/\/www.aureacarolina.com.br\/camara\/?s={search_term_string}\",\"query-input\":\"required name=search_term_string\"}],\"inLanguage\":\"pt-BR\"},{\"@type\":\"ImageObject\",\"@id\":\"https:\/\/www.aureacarolina.com.br\/camara\/2020\/09\/28\/aurea-recorre-ao-ministerio-publico-pela-manutencao-de-auxilio-a-atingidos-de-brumadinho\/#primaryimage\",\"inLanguage\":\"pt-BR\",\"url\":\"https:\/\/www.aureacarolina.com.br\/camara\/wp-content\/uploads\/2020\/09\/3.Mar-de-lama_03.jpg\",\"contentUrl\":\"https:\/\/www.aureacarolina.com.br\/camara\/wp-content\/uploads\/2020\/09\/3.Mar-de-lama_03.jpg\",\"width\":1280,\"height\":853},{\"@type\":\"WebPage\",\"@id\":\"https:\/\/www.aureacarolina.com.br\/camara\/2020\/09\/28\/aurea-recorre-ao-ministerio-publico-pela-manutencao-de-auxilio-a-atingidos-de-brumadinho\/#webpage\",\"url\":\"https:\/\/www.aureacarolina.com.br\/camara\/2020\/09\/28\/aurea-recorre-ao-ministerio-publico-pela-manutencao-de-auxilio-a-atingidos-de-brumadinho\/\",\"name\":\"\\u00c1urea vai ao Minist\\u00e9rio P\\u00fablico pela manuten\\u00e7\\u00e3o de aux\\u00edlio a atingidos da Vale - \\u00c1urea Carolina\",\"isPartOf\":{\"@id\":\"https:\/\/www.aureacarolina.com.br\/camara\/#website\"},\"primaryImageOfPage\":{\"@id\":\"https:\/\/www.aureacarolina.com.br\/camara\/2020\/09\/28\/aurea-recorre-ao-ministerio-publico-pela-manutencao-de-auxilio-a-atingidos-de-brumadinho\/#primaryimage\"},\"datePublished\":\"2020-09-28T21:41:08+00:00\",\"dateModified\":\"2020-11-25T20:37:20+00:00\",\"author\":{\"@id\":\"https:\/\/www.aureacarolina.com.br\/camara\/#\/schema\/person\/ea5a01c25f36c70fae3fe96859684ab1\"},\"breadcrumb\":{\"@id\":\"https:\/\/www.aureacarolina.com.br\/camara\/2020\/09\/28\/aurea-recorre-ao-ministerio-publico-pela-manutencao-de-auxilio-a-atingidos-de-brumadinho\/#breadcrumb\"},\"inLanguage\":\"pt-BR\",\"potentialAction\":[{\"@type\":\"ReadAction\",\"target\":[\"https:\/\/www.aureacarolina.com.br\/camara\/2020\/09\/28\/aurea-recorre-ao-ministerio-publico-pela-manutencao-de-auxilio-a-atingidos-de-brumadinho\/\"]}]},{\"@type\":\"BreadcrumbList\",\"@id\":\"https:\/\/www.aureacarolina.com.br\/camara\/2020\/09\/28\/aurea-recorre-ao-ministerio-publico-pela-manutencao-de-auxilio-a-atingidos-de-brumadinho\/#breadcrumb\",\"itemListElement\":[{\"@type\":\"ListItem\",\"position\":1,\"item\":{\"@type\":\"WebPage\",\"@id\":\"https:\/\/www.aureacarolina.com.br\/camara\/\",\"url\":\"https:\/\/www.aureacarolina.com.br\/camara\/\",\"name\":\"In\\u00edcio\"}},{\"@type\":\"ListItem\",\"position\":2,\"item\":{\"@id\":\"https:\/\/www.aureacarolina.com.br\/camara\/2020\/09\/28\/aurea-recorre-ao-ministerio-publico-pela-manutencao-de-auxilio-a-atingidos-de-brumadinho\/#webpage\"}}]},{\"@type\":\"Person\",\"@id\":\"https:\/\/www.aureacarolina.com.br\/camara\/#\/schema\/person\/ea5a01c25f36c70fae3fe96859684ab1\",\"name\":\"AdmAurea\",\"image\":{\"@type\":\"ImageObject\",\"@id\":\"https:\/\/www.aureacarolina.com.br\/camara\/#personlogo\",\"inLanguage\":\"pt-BR\",\"url\":\"https:\/\/secure.gravatar.com\/avatar\/21a05777d1847c3fb829a6c9f224ea0d?s=96&d=mm&r=g\",\"contentUrl\":\"https:\/\/secure.gravatar.com\/avatar\/21a05777d1847c3fb829a6c9f224ea0d?s=96&d=mm&r=g\",\"caption\":\"AdmAurea\"},\"url\":\"https:\/\/www.aureacarolina.com.br\/camara\/author\/admaurea\/\"}]}<\/script>\n<!-- \/ Yoast SEO plugin. -->","_links":{"self":[{"href":"https:\/\/www.aureacarolina.com.br\/camara\/wp-json\/wp\/v2\/posts\/808"}],"collection":[{"href":"https:\/\/www.aureacarolina.com.br\/camara\/wp-json\/wp\/v2\/posts"}],"about":[{"href":"https:\/\/www.aureacarolina.com.br\/camara\/wp-json\/wp\/v2\/types\/post"}],"author":[{"embeddable":true,"href":"https:\/\/www.aureacarolina.com.br\/camara\/wp-json\/wp\/v2\/users\/1"}],"replies":[{"embeddable":true,"href":"https:\/\/www.aureacarolina.com.br\/camara\/wp-json\/wp\/v2\/comments?post=808"}],"version-history":[{"count":2,"href":"https:\/\/www.aureacarolina.com.br\/camara\/wp-json\/wp\/v2\/posts\/808\/revisions"}],"predecessor-version":[{"id":811,"href":"https:\/\/www.aureacarolina.com.br\/camara\/wp-json\/wp\/v2\/posts\/808\/revisions\/811"}],"wp:featuredmedia":[{"embeddable":true,"href":"https:\/\/www.aureacarolina.com.br\/camara\/wp-json\/wp\/v2\/media\/809"}],"wp:attachment":[{"href":"https:\/\/www.aureacarolina.com.br\/camara\/wp-json\/wp\/v2\/media?parent=808"}],"wp:term":[{"taxonomy":"category","embeddable":true,"href":"https:\/\/www.aureacarolina.com.br\/camara\/wp-json\/wp\/v2\/categories?post=808"},{"taxonomy":"post_tag","embeddable":true,"href":"https:\/\/www.aureacarolina.com.br\/camara\/wp-json\/wp\/v2\/tags?post=808"}],"curies":[{"name":"wp","href":"https:\/\/api.w.org\/{rel}","templated":true}]}}