{"id":805,"date":"2020-09-28T18:11:38","date_gmt":"2020-09-28T21:11:38","guid":{"rendered":"https:\/\/www.aureacarolina.com.br\/camara\/?p=805"},"modified":"2020-09-28T18:31:54","modified_gmt":"2020-09-28T21:31:54","slug":"nossa-luta-e-pelos-direitos-de-todas-as-mulheres","status":"publish","type":"post","link":"https:\/\/www.aureacarolina.com.br\/camara\/2020\/09\/28\/nossa-luta-e-pelos-direitos-de-todas-as-mulheres\/","title":{"rendered":"Nossa luta \u00e9 pelos direitos de todas as mulheres!"},"content":{"rendered":"<p>\u00c9 2020, mas n\u00e3o parece. Este ano, acompanhamos estarrecidas a saga de uma crian\u00e7a de 10 anos que sofria viol\u00eancia sexual do pr\u00f3prio tio para ter acesso ao aborto legal. O caso se enquadrava em dois dos tr\u00eas crit\u00e9rios que nossa legisla\u00e7\u00e3o prev\u00ea para a interrup\u00e7\u00e3o da gravidez: a menina havia sido v\u00edtima de estupro e corria risco de vida em decorr\u00eancia da gesta\u00e7\u00e3o. Assistimos a cenas deplor\u00e1veis de fundamentalistas tentando impedir o acesso ao servi\u00e7o e recebemos den\u00fancias grav\u00edssimas de que o Minist\u00e9rio da Fam\u00edlia e dos Direitos Humanos teria coagido a fam\u00edlia a e o Conselho Tutelar da cidade para que a crian\u00e7a mantivesse a gravidez.<\/p>\n<p>Algumas semanas depois, presenciamos a publica\u00e7\u00e3o de uma portaria pelo Minist\u00e9rio da Sa\u00fade que estabelecia uma s\u00e9rie de empecilhos para que meninas e mulheres abusadas sexualmente tenham acesso ao aborto legal. Ag\u00eancias da ONU chegaram a se manifestar sobre o caso, alertando a viola\u00e7\u00e3o de padr\u00f5es internacionais de respeito aos direitos das mulheres. \u00c0s v\u00e9speras do julgamento de diversas a\u00e7\u00f5es contra a medida pelo STF, o ministro Pazuello tentou amenizar seus efeitos danosos, mas manteve orienta\u00e7\u00f5es que constrangem e afastam mulheres e meninas v\u00edtimas de viol\u00eancia do servi\u00e7o garantido por lei.<\/p>\n<p>Nosso mandato, ao lado da bancada do PSOL na C\u00e2mara, foi vigilante e combativo em todos esses momentos. Junto de colegas parlamentares de diversos partidos, agimos rapidamente, por meio de medidas judiciais e legislativas, para denunciar e cobrar provid\u00eancias. \u00c9 inaceit\u00e1vel que o Estado siga agindo para impedir o acesso a direitos, em tentativas descaradas de retroceder diante das nossas conquistas.<\/p>\n<p>Neste <strong>Dia Latino-americano e Caribenho de Luta Pela Descriminaliza\u00e7\u00e3o do Aborto<\/strong>, eu digo que seguiremos resistindo \u00e0s tentativas de controle dos nossos corpos e retirada dos nossos direitos. E lutando para ampliar e garantir os direitos sexuais e reprodutivos de meninas e mulheres. \u00c9 pela vida de todas n\u00f3s!<\/p>\n<p><em>Imagem em destaque: Beth Freitas<\/em><\/p>\n","protected":false},"excerpt":{"rendered":"<p>\u00c9 2020, mas n\u00e3o parece. Este ano, acompanhamos estarrecidas a saga de uma crian\u00e7a de 10 anos que sofria viol\u00eancia [&hellip;]<\/p>\n","protected":false},"author":1,"featured_media":806,"comment_status":"open","ping_status":"open","sticky":false,"template":"","format":"standard","meta":[],"categories":[16],"tags":[],"yoast_head":"<!-- This site is optimized with the Yoast SEO plugin v16.4 - https:\/\/yoast.com\/wordpress\/plugins\/seo\/ -->\n<title>Nossa luta \u00e9 pelos direitos de todas as mulheres! - \u00c1urea Carolina<\/title>\n<meta name=\"robots\" content=\"index, follow, max-snippet:-1, max-image-preview:large, max-video-preview:-1\" \/>\n<link rel=\"canonical\" href=\"https:\/\/www.aureacarolina.com.br\/camara\/2020\/09\/28\/nossa-luta-e-pelos-direitos-de-todas-as-mulheres\/\" \/>\n<meta property=\"og:locale\" content=\"pt_BR\" \/>\n<meta property=\"og:type\" content=\"article\" \/>\n<meta property=\"og:title\" content=\"Nossa luta \u00e9 pelos direitos de todas as mulheres! - \u00c1urea Carolina\" \/>\n<meta property=\"og:description\" content=\"\u00c9 2020, mas n\u00e3o parece. Este ano, acompanhamos estarrecidas a saga de uma crian\u00e7a de 10 anos que sofria viol\u00eancia [&hellip;]\" \/>\n<meta property=\"og:url\" content=\"https:\/\/www.aureacarolina.com.br\/camara\/2020\/09\/28\/nossa-luta-e-pelos-direitos-de-todas-as-mulheres\/\" \/>\n<meta property=\"og:site_name\" content=\"\u00c1urea Carolina\" \/>\n<meta property=\"article:published_time\" content=\"2020-09-28T21:11:38+00:00\" \/>\n<meta property=\"article:modified_time\" content=\"2020-09-28T21:31:54+00:00\" \/>\n<meta property=\"og:image\" content=\"https:\/\/www.aureacarolina.com.br\/camara\/wp-content\/uploads\/2020\/09\/52559123_398910577586281_1549733168512190391_n-e1601328703268.jpg\" \/>\n\t<meta property=\"og:image:width\" content=\"723\" \/>\n\t<meta property=\"og:image:height\" content=\"531\" \/>\n<meta name=\"twitter:card\" content=\"summary_large_image\" \/>\n<meta name=\"twitter:label1\" content=\"Est. tempo de leitura\" \/>\n\t<meta name=\"twitter:data1\" content=\"2 minutos\" \/>\n<script type=\"application\/ld+json\" class=\"yoast-schema-graph\">{\"@context\":\"https:\/\/schema.org\",\"@graph\":[{\"@type\":\"WebSite\",\"@id\":\"https:\/\/www.aureacarolina.com.br\/camara\/#website\",\"url\":\"https:\/\/www.aureacarolina.com.br\/camara\/\",\"name\":\"\\u00c1urea Carolina\",\"description\":\"deputada federal\",\"potentialAction\":[{\"@type\":\"SearchAction\",\"target\":\"https:\/\/www.aureacarolina.com.br\/camara\/?s={search_term_string}\",\"query-input\":\"required name=search_term_string\"}],\"inLanguage\":\"pt-BR\"},{\"@type\":\"ImageObject\",\"@id\":\"https:\/\/www.aureacarolina.com.br\/camara\/2020\/09\/28\/nossa-luta-e-pelos-direitos-de-todas-as-mulheres\/#primaryimage\",\"inLanguage\":\"pt-BR\",\"url\":\"https:\/\/www.aureacarolina.com.br\/camara\/wp-content\/uploads\/2020\/09\/52559123_398910577586281_1549733168512190391_n-e1601328703268.jpg\",\"contentUrl\":\"https:\/\/www.aureacarolina.com.br\/camara\/wp-content\/uploads\/2020\/09\/52559123_398910577586281_1549733168512190391_n-e1601328703268.jpg\",\"width\":723,\"height\":531},{\"@type\":\"WebPage\",\"@id\":\"https:\/\/www.aureacarolina.com.br\/camara\/2020\/09\/28\/nossa-luta-e-pelos-direitos-de-todas-as-mulheres\/#webpage\",\"url\":\"https:\/\/www.aureacarolina.com.br\/camara\/2020\/09\/28\/nossa-luta-e-pelos-direitos-de-todas-as-mulheres\/\",\"name\":\"Nossa luta \\u00e9 pelos direitos de todas as mulheres! - \\u00c1urea Carolina\",\"isPartOf\":{\"@id\":\"https:\/\/www.aureacarolina.com.br\/camara\/#website\"},\"primaryImageOfPage\":{\"@id\":\"https:\/\/www.aureacarolina.com.br\/camara\/2020\/09\/28\/nossa-luta-e-pelos-direitos-de-todas-as-mulheres\/#primaryimage\"},\"datePublished\":\"2020-09-28T21:11:38+00:00\",\"dateModified\":\"2020-09-28T21:31:54+00:00\",\"author\":{\"@id\":\"https:\/\/www.aureacarolina.com.br\/camara\/#\/schema\/person\/ea5a01c25f36c70fae3fe96859684ab1\"},\"breadcrumb\":{\"@id\":\"https:\/\/www.aureacarolina.com.br\/camara\/2020\/09\/28\/nossa-luta-e-pelos-direitos-de-todas-as-mulheres\/#breadcrumb\"},\"inLanguage\":\"pt-BR\",\"potentialAction\":[{\"@type\":\"ReadAction\",\"target\":[\"https:\/\/www.aureacarolina.com.br\/camara\/2020\/09\/28\/nossa-luta-e-pelos-direitos-de-todas-as-mulheres\/\"]}]},{\"@type\":\"BreadcrumbList\",\"@id\":\"https:\/\/www.aureacarolina.com.br\/camara\/2020\/09\/28\/nossa-luta-e-pelos-direitos-de-todas-as-mulheres\/#breadcrumb\",\"itemListElement\":[{\"@type\":\"ListItem\",\"position\":1,\"item\":{\"@type\":\"WebPage\",\"@id\":\"https:\/\/www.aureacarolina.com.br\/camara\/\",\"url\":\"https:\/\/www.aureacarolina.com.br\/camara\/\",\"name\":\"In\\u00edcio\"}},{\"@type\":\"ListItem\",\"position\":2,\"item\":{\"@id\":\"https:\/\/www.aureacarolina.com.br\/camara\/2020\/09\/28\/nossa-luta-e-pelos-direitos-de-todas-as-mulheres\/#webpage\"}}]},{\"@type\":\"Person\",\"@id\":\"https:\/\/www.aureacarolina.com.br\/camara\/#\/schema\/person\/ea5a01c25f36c70fae3fe96859684ab1\",\"name\":\"AdmAurea\",\"image\":{\"@type\":\"ImageObject\",\"@id\":\"https:\/\/www.aureacarolina.com.br\/camara\/#personlogo\",\"inLanguage\":\"pt-BR\",\"url\":\"https:\/\/secure.gravatar.com\/avatar\/21a05777d1847c3fb829a6c9f224ea0d?s=96&d=mm&r=g\",\"contentUrl\":\"https:\/\/secure.gravatar.com\/avatar\/21a05777d1847c3fb829a6c9f224ea0d?s=96&d=mm&r=g\",\"caption\":\"AdmAurea\"},\"url\":\"https:\/\/www.aureacarolina.com.br\/camara\/author\/admaurea\/\"}]}<\/script>\n<!-- \/ Yoast SEO plugin. -->","_links":{"self":[{"href":"https:\/\/www.aureacarolina.com.br\/camara\/wp-json\/wp\/v2\/posts\/805"}],"collection":[{"href":"https:\/\/www.aureacarolina.com.br\/camara\/wp-json\/wp\/v2\/posts"}],"about":[{"href":"https:\/\/www.aureacarolina.com.br\/camara\/wp-json\/wp\/v2\/types\/post"}],"author":[{"embeddable":true,"href":"https:\/\/www.aureacarolina.com.br\/camara\/wp-json\/wp\/v2\/users\/1"}],"replies":[{"embeddable":true,"href":"https:\/\/www.aureacarolina.com.br\/camara\/wp-json\/wp\/v2\/comments?post=805"}],"version-history":[{"count":1,"href":"https:\/\/www.aureacarolina.com.br\/camara\/wp-json\/wp\/v2\/posts\/805\/revisions"}],"predecessor-version":[{"id":807,"href":"https:\/\/www.aureacarolina.com.br\/camara\/wp-json\/wp\/v2\/posts\/805\/revisions\/807"}],"wp:featuredmedia":[{"embeddable":true,"href":"https:\/\/www.aureacarolina.com.br\/camara\/wp-json\/wp\/v2\/media\/806"}],"wp:attachment":[{"href":"https:\/\/www.aureacarolina.com.br\/camara\/wp-json\/wp\/v2\/media?parent=805"}],"wp:term":[{"taxonomy":"category","embeddable":true,"href":"https:\/\/www.aureacarolina.com.br\/camara\/wp-json\/wp\/v2\/categories?post=805"},{"taxonomy":"post_tag","embeddable":true,"href":"https:\/\/www.aureacarolina.com.br\/camara\/wp-json\/wp\/v2\/tags?post=805"}],"curies":[{"name":"wp","href":"https:\/\/api.w.org\/{rel}","templated":true}]}}