{"id":800,"date":"2020-09-21T12:55:33","date_gmt":"2020-09-21T15:55:33","guid":{"rendered":"https:\/\/www.aureacarolina.com.br\/camara\/?p=800"},"modified":"2020-09-21T13:27:31","modified_gmt":"2020-09-21T16:27:31","slug":"aurea-carolina-e-contra-a-reducao-do-auxilio-emergencial","status":"publish","type":"post","link":"https:\/\/www.aureacarolina.com.br\/camara\/2020\/09\/21\/aurea-carolina-e-contra-a-reducao-do-auxilio-emergencial\/","title":{"rendered":"\u00c1urea Carolina \u00e9 contra a redu\u00e7\u00e3o do aux\u00edlio emergencial!"},"content":{"rendered":"<p>Reduzir o aux\u00edlio emergencial \u00e9 inadmiss\u00edvel! De acordo com <a href=\"https:\/\/www.ipea.gov.br\/portal\/index.php?option=com_content&amp;view=article&amp;id=36544\">dados do Ipea<\/a>, em julho deste ano o aux\u00edlio emergencial foi a \u00fanica renda para mais de 4 milh\u00f5es de fam\u00edlias no pa\u00eds. Milhares de pessoas perderam seus empregos e trabalhadores de setores como Cultura e Servi\u00e7os v\u00e3o precisar de tempo para se recompor. Como o governo espera que essas pessoas sobrevivam com R$300?<\/p>\n<p>O Congresso deve votar nos pr\u00f3ximos dias a Medida Provis\u00f3ria do governo federal que reduz o aux\u00edlio para R$300. Pelas regras de tramita\u00e7\u00e3o, ela j\u00e1 est\u00e1 valendo, mas pode ser melhorada pela C\u00e2mara e pelo Senado. Com a bancada do PSOL na C\u00e2mara, apresentei emendas para que o aux\u00edlio residual permane\u00e7a em R$600 at\u00e9 dezembro deste ano e para que os benefici\u00e1rios recebam todas as quatro parcelas at\u00e9 l\u00e1. E mais: queremos que seja garantido \u00e0s fam\u00edlias at\u00e9 o fim da pandemia.<\/p>\n<p>Nossas emendas tamb\u00e9m buscam tornar o pagamento mais \u00e1gil, acabar com a exig\u00eancia do CPF regularizado para acesso ao aux\u00edlio, garantir que os bancos n\u00e3o possam fazer descontos na conta de dep\u00f3sito e assegurar \u00e0s mulheres chefes de fam\u00edlia o direito a duas cotas do aux\u00edlio.<\/p>\n<p>Propomos ainda a cria\u00e7\u00e3o de um <strong>aux\u00edlio permanente<\/strong>. Al\u00e9m do impacto direto na renda, a cria\u00e7\u00e3o de um programa de renda justa permanente pode garantir nossa recupera\u00e7\u00e3o econ\u00f4mica, movimentando o consumo, os investimentos e a gera\u00e7\u00e3o de emprego. Outros pa\u00edses j\u00e1 aprovaram medidas semelhantes diante da pandemia, como a Espanha, que criou em maio a <a href=\"https:\/\/brasil.elpais.com\/economia\/2020-05-29\/espanha-aprova-renda-minima-vital-para-850000-familias.html\">renda m\u00ednima universal<\/a>.<\/p>\n<p>Para financiar o programa, nossa proposta \u00e9 taxar grandes fortunas e aumentar os impostos sobre lucros e dividendos. O c\u00e1lculo foi feito com base estudos e simula\u00e7\u00f5es considerando beneficiar 79,9 milh\u00f5es de pessoas, com um custo anual l\u00edquido de 5,37% do PIB. Conhe\u00e7a a <a href=\"https:\/\/psol50.org.br\/rendajusta\/\">proposta<\/a> apresentada pelo PSOL!<\/p>\n<p>Bora espalhar essa palavra, geral?<\/p>\n","protected":false},"excerpt":{"rendered":"<p>Reduzir o aux\u00edlio emergencial \u00e9 inadmiss\u00edvel! De acordo com dados do Ipea, em julho deste ano o aux\u00edlio emergencial foi [&hellip;]<\/p>\n","protected":false},"author":1,"featured_media":801,"comment_status":"open","ping_status":"open","sticky":false,"template":"","format":"standard","meta":[],"categories":[16],"tags":[],"yoast_head":"<!-- This site is optimized with the Yoast SEO plugin v16.4 - https:\/\/yoast.com\/wordpress\/plugins\/seo\/ -->\n<title>\u00c1urea Carolina \u00e9 contra a redu\u00e7\u00e3o do aux\u00edlio emergencial! - \u00c1urea Carolina<\/title>\n<meta name=\"robots\" content=\"index, follow, max-snippet:-1, max-image-preview:large, max-video-preview:-1\" \/>\n<link rel=\"canonical\" href=\"https:\/\/www.aureacarolina.com.br\/camara\/2020\/09\/21\/aurea-carolina-e-contra-a-reducao-do-auxilio-emergencial\/\" \/>\n<meta property=\"og:locale\" content=\"pt_BR\" \/>\n<meta property=\"og:type\" content=\"article\" \/>\n<meta property=\"og:title\" content=\"\u00c1urea Carolina \u00e9 contra a redu\u00e7\u00e3o do aux\u00edlio emergencial! - \u00c1urea Carolina\" \/>\n<meta property=\"og:description\" content=\"Reduzir o aux\u00edlio emergencial \u00e9 inadmiss\u00edvel! De acordo com dados do Ipea, em julho deste ano o aux\u00edlio emergencial foi [&hellip;]\" \/>\n<meta property=\"og:url\" content=\"https:\/\/www.aureacarolina.com.br\/camara\/2020\/09\/21\/aurea-carolina-e-contra-a-reducao-do-auxilio-emergencial\/\" \/>\n<meta property=\"og:site_name\" content=\"\u00c1urea Carolina\" \/>\n<meta property=\"article:published_time\" content=\"2020-09-21T15:55:33+00:00\" \/>\n<meta property=\"article:modified_time\" content=\"2020-09-21T16:27:31+00:00\" \/>\n<meta property=\"og:image\" content=\"https:\/\/www.aureacarolina.com.br\/camara\/wp-content\/uploads\/2020\/09\/14-scaled.jpg\" \/>\n\t<meta property=\"og:image:width\" content=\"2560\" \/>\n\t<meta property=\"og:image:height\" content=\"1707\" \/>\n<meta name=\"twitter:card\" content=\"summary_large_image\" \/>\n<meta name=\"twitter:label1\" content=\"Est. tempo de leitura\" \/>\n\t<meta name=\"twitter:data1\" content=\"2 minutos\" \/>\n<script type=\"application\/ld+json\" class=\"yoast-schema-graph\">{\"@context\":\"https:\/\/schema.org\",\"@graph\":[{\"@type\":\"WebSite\",\"@id\":\"https:\/\/www.aureacarolina.com.br\/camara\/#website\",\"url\":\"https:\/\/www.aureacarolina.com.br\/camara\/\",\"name\":\"\\u00c1urea Carolina\",\"description\":\"deputada federal\",\"potentialAction\":[{\"@type\":\"SearchAction\",\"target\":\"https:\/\/www.aureacarolina.com.br\/camara\/?s={search_term_string}\",\"query-input\":\"required name=search_term_string\"}],\"inLanguage\":\"pt-BR\"},{\"@type\":\"ImageObject\",\"@id\":\"https:\/\/www.aureacarolina.com.br\/camara\/2020\/09\/21\/aurea-carolina-e-contra-a-reducao-do-auxilio-emergencial\/#primaryimage\",\"inLanguage\":\"pt-BR\",\"url\":\"https:\/\/www.aureacarolina.com.br\/camara\/wp-content\/uploads\/2020\/09\/14-scaled.jpg\",\"contentUrl\":\"https:\/\/www.aureacarolina.com.br\/camara\/wp-content\/uploads\/2020\/09\/14-scaled.jpg\",\"width\":2560,\"height\":1707},{\"@type\":\"WebPage\",\"@id\":\"https:\/\/www.aureacarolina.com.br\/camara\/2020\/09\/21\/aurea-carolina-e-contra-a-reducao-do-auxilio-emergencial\/#webpage\",\"url\":\"https:\/\/www.aureacarolina.com.br\/camara\/2020\/09\/21\/aurea-carolina-e-contra-a-reducao-do-auxilio-emergencial\/\",\"name\":\"\\u00c1urea Carolina \\u00e9 contra a redu\\u00e7\\u00e3o do aux\\u00edlio emergencial! - \\u00c1urea Carolina\",\"isPartOf\":{\"@id\":\"https:\/\/www.aureacarolina.com.br\/camara\/#website\"},\"primaryImageOfPage\":{\"@id\":\"https:\/\/www.aureacarolina.com.br\/camara\/2020\/09\/21\/aurea-carolina-e-contra-a-reducao-do-auxilio-emergencial\/#primaryimage\"},\"datePublished\":\"2020-09-21T15:55:33+00:00\",\"dateModified\":\"2020-09-21T16:27:31+00:00\",\"author\":{\"@id\":\"https:\/\/www.aureacarolina.com.br\/camara\/#\/schema\/person\/ea5a01c25f36c70fae3fe96859684ab1\"},\"breadcrumb\":{\"@id\":\"https:\/\/www.aureacarolina.com.br\/camara\/2020\/09\/21\/aurea-carolina-e-contra-a-reducao-do-auxilio-emergencial\/#breadcrumb\"},\"inLanguage\":\"pt-BR\",\"potentialAction\":[{\"@type\":\"ReadAction\",\"target\":[\"https:\/\/www.aureacarolina.com.br\/camara\/2020\/09\/21\/aurea-carolina-e-contra-a-reducao-do-auxilio-emergencial\/\"]}]},{\"@type\":\"BreadcrumbList\",\"@id\":\"https:\/\/www.aureacarolina.com.br\/camara\/2020\/09\/21\/aurea-carolina-e-contra-a-reducao-do-auxilio-emergencial\/#breadcrumb\",\"itemListElement\":[{\"@type\":\"ListItem\",\"position\":1,\"item\":{\"@type\":\"WebPage\",\"@id\":\"https:\/\/www.aureacarolina.com.br\/camara\/\",\"url\":\"https:\/\/www.aureacarolina.com.br\/camara\/\",\"name\":\"In\\u00edcio\"}},{\"@type\":\"ListItem\",\"position\":2,\"item\":{\"@id\":\"https:\/\/www.aureacarolina.com.br\/camara\/2020\/09\/21\/aurea-carolina-e-contra-a-reducao-do-auxilio-emergencial\/#webpage\"}}]},{\"@type\":\"Person\",\"@id\":\"https:\/\/www.aureacarolina.com.br\/camara\/#\/schema\/person\/ea5a01c25f36c70fae3fe96859684ab1\",\"name\":\"AdmAurea\",\"image\":{\"@type\":\"ImageObject\",\"@id\":\"https:\/\/www.aureacarolina.com.br\/camara\/#personlogo\",\"inLanguage\":\"pt-BR\",\"url\":\"https:\/\/secure.gravatar.com\/avatar\/21a05777d1847c3fb829a6c9f224ea0d?s=96&d=mm&r=g\",\"contentUrl\":\"https:\/\/secure.gravatar.com\/avatar\/21a05777d1847c3fb829a6c9f224ea0d?s=96&d=mm&r=g\",\"caption\":\"AdmAurea\"},\"url\":\"https:\/\/www.aureacarolina.com.br\/camara\/author\/admaurea\/\"}]}<\/script>\n<!-- \/ Yoast SEO plugin. -->","_links":{"self":[{"href":"https:\/\/www.aureacarolina.com.br\/camara\/wp-json\/wp\/v2\/posts\/800"}],"collection":[{"href":"https:\/\/www.aureacarolina.com.br\/camara\/wp-json\/wp\/v2\/posts"}],"about":[{"href":"https:\/\/www.aureacarolina.com.br\/camara\/wp-json\/wp\/v2\/types\/post"}],"author":[{"embeddable":true,"href":"https:\/\/www.aureacarolina.com.br\/camara\/wp-json\/wp\/v2\/users\/1"}],"replies":[{"embeddable":true,"href":"https:\/\/www.aureacarolina.com.br\/camara\/wp-json\/wp\/v2\/comments?post=800"}],"version-history":[{"count":2,"href":"https:\/\/www.aureacarolina.com.br\/camara\/wp-json\/wp\/v2\/posts\/800\/revisions"}],"predecessor-version":[{"id":803,"href":"https:\/\/www.aureacarolina.com.br\/camara\/wp-json\/wp\/v2\/posts\/800\/revisions\/803"}],"wp:featuredmedia":[{"embeddable":true,"href":"https:\/\/www.aureacarolina.com.br\/camara\/wp-json\/wp\/v2\/media\/801"}],"wp:attachment":[{"href":"https:\/\/www.aureacarolina.com.br\/camara\/wp-json\/wp\/v2\/media?parent=800"}],"wp:term":[{"taxonomy":"category","embeddable":true,"href":"https:\/\/www.aureacarolina.com.br\/camara\/wp-json\/wp\/v2\/categories?post=800"},{"taxonomy":"post_tag","embeddable":true,"href":"https:\/\/www.aureacarolina.com.br\/camara\/wp-json\/wp\/v2\/tags?post=800"}],"curies":[{"name":"wp","href":"https:\/\/api.w.org\/{rel}","templated":true}]}}