{"id":627,"date":"2020-07-20T14:03:20","date_gmt":"2020-07-20T17:03:20","guid":{"rendered":"http:\/\/www.aureacarolina.com.br\/camara\/?p=627"},"modified":"2020-08-11T17:41:19","modified_gmt":"2020-08-11T20:41:19","slug":"como-votamos-pela-renovacao-do-fundeb","status":"publish","type":"post","link":"https:\/\/www.aureacarolina.com.br\/camara\/2020\/07\/20\/como-votamos-pela-renovacao-do-fundeb\/","title":{"rendered":"Como votamos: pela renova\u00e7\u00e3o do Fundeb!"},"content":{"rendered":"<p><span style=\"font-weight: 400;\">A C\u00e2mara dos Deputados aprovou nesta ter\u00e7a a PEC que permite a renova\u00e7\u00e3o do Fundeb, o Fundo de Manuten\u00e7\u00e3o e Desenvolvimento da Educa\u00e7\u00e3o B\u00e1sica. Meu voto, junto da bancada do PSOL na C\u00e2mara, foi pela aprova\u00e7\u00e3o do texto apresentado pela relatora, deputada Professora Dorinha (DEM\/TO).<\/span><\/p>\n<p><span style=\"font-weight: 400;\">Criado em 2007, o Fundeb movimenta anualmente cerca de R$ 150 bilh\u00f5es em recursos distribu\u00eddos para a educa\u00e7\u00e3o p\u00fablica, da Educa\u00e7\u00e3o Infantil ao Ensino M\u00e9dio. De acordo com a legisla\u00e7\u00e3o que regulamentou o Fundo, ele ser\u00e1 extinto se n\u00e3o for renovado pelo Congresso Nacional nos pr\u00f3ximos meses &#8211; o que causaria um caos no financiamento da educa\u00e7\u00e3o p\u00fablica. A vota\u00e7\u00e3o do Fundeb \u00e9 a pauta mais urgente da educa\u00e7\u00e3o este ano, e vem sendo arrastada por press\u00f5es econ\u00f4micas e tentativas de esquiva do governo federal. Na tarde da vota\u00e7\u00e3o, o Minist\u00e9rio da Economia apresentou uma contraproposta que apenas contribui para atrasar os debates em torno do Fundo.<\/span><\/p>\n<p><span style=\"font-weight: 400;\">O relat\u00f3rio apresentado por Dorinha incorpora demandas hist\u00f3ricas dos movimentos em defesa da educa\u00e7\u00e3o p\u00fablica e representa avan\u00e7os importantes para o Fundeb, como a ado\u00e7\u00e3o do modelo h\u00edbrido de distribui\u00e7\u00e3o dos recursos, considerando a desigualdade entre os munic\u00edpios, e a constitucionaliza\u00e7\u00e3o do Custo Aluno-Qualidade (CAQ) como refer\u00eancia para os investimentos na educa\u00e7\u00e3o b\u00e1sica. O relat\u00f3rio prev\u00ea ainda que os recursos empregados pela Uni\u00e3o sejam ampliados aos poucos &#8211; dos 10% atuais para 12,5% no pr\u00f3ximo ano, chegando a 20% em 2026. No primeiro relat\u00f3rio, esse valor chegaria a 40% (o que tamb\u00e9m defendemos), mas o valor foi reduzido diante de uma demanda do Minist\u00e9rio da Economia, em raz\u00e3o da crise decorrente da covid-19. Em negocia\u00e7\u00f5es posteriores o valor final aprovado foi de 23%!<\/span><\/p>\n<p><span style=\"font-weight: 400;\">Temos defendido que o Fundeb seja um mecanismo para universalizar o direito \u00e0 Educa\u00e7\u00e3o, valorizar educadores e educadoras e aprimorar as condi\u00e7\u00f5es de ensino-aprendizagem na educa\u00e7\u00e3o b\u00e1sica. Diante da redu\u00e7\u00e3o dos investimentos em Educa\u00e7\u00e3o nos \u00faltimos anos e das recorrentes tentativas de desmonte da educa\u00e7\u00e3o p\u00fablica sob o desgoverno Bolsonaro, refor\u00e7amos a import\u00e2ncia de n\u00e3o retroceder nas nossas conquistas sociais!<\/span><\/p>\n<p><span style=\"font-weight: 400;\">A PEC segue para o Senado, onde tamb\u00e9m ser\u00e1 votada em dois turnos. Seguimos pela aprova\u00e7\u00e3o!<\/span><\/p>\n<p><em><span style=\"font-weight: 400;\">Imagem em destaque: UBES<\/span><\/em><\/p>\n","protected":false},"excerpt":{"rendered":"<p>A C\u00e2mara dos Deputados aprovou nesta ter\u00e7a a PEC que permite a renova\u00e7\u00e3o do Fundeb, o Fundo de Manuten\u00e7\u00e3o e [&hellip;]<\/p>\n","protected":false},"author":1,"featured_media":628,"comment_status":"open","ping_status":"open","sticky":false,"template":"","format":"standard","meta":[],"categories":[16],"tags":[],"yoast_head":"<!-- This site is optimized with the Yoast SEO plugin v16.4 - https:\/\/yoast.com\/wordpress\/plugins\/seo\/ -->\n<title>Como votamos: pela renova\u00e7\u00e3o do Fundeb! - \u00c1urea Carolina<\/title>\n<meta name=\"robots\" content=\"index, follow, max-snippet:-1, max-image-preview:large, max-video-preview:-1\" \/>\n<link rel=\"canonical\" href=\"https:\/\/www.aureacarolina.com.br\/camara\/2020\/07\/20\/como-votamos-pela-renovacao-do-fundeb\/\" \/>\n<meta property=\"og:locale\" content=\"pt_BR\" \/>\n<meta property=\"og:type\" content=\"article\" \/>\n<meta property=\"og:title\" content=\"Como votamos: pela renova\u00e7\u00e3o do Fundeb! - \u00c1urea Carolina\" \/>\n<meta property=\"og:description\" content=\"A C\u00e2mara dos Deputados aprovou nesta ter\u00e7a a PEC que permite a renova\u00e7\u00e3o do Fundeb, o Fundo de Manuten\u00e7\u00e3o e [&hellip;]\" \/>\n<meta property=\"og:url\" content=\"https:\/\/www.aureacarolina.com.br\/camara\/2020\/07\/20\/como-votamos-pela-renovacao-do-fundeb\/\" \/>\n<meta property=\"og:site_name\" content=\"\u00c1urea Carolina\" \/>\n<meta property=\"article:published_time\" content=\"2020-07-20T17:03:20+00:00\" \/>\n<meta property=\"article:modified_time\" content=\"2020-08-11T20:41:19+00:00\" \/>\n<meta property=\"og:image\" content=\"https:\/\/www.aureacarolina.com.br\/camara\/wp-content\/uploads\/2020\/07\/WhatsApp-Image-2020-07-20-at-18.37.12.jpeg\" \/>\n\t<meta property=\"og:image:width\" content=\"1280\" \/>\n\t<meta property=\"og:image:height\" content=\"959\" \/>\n<meta name=\"twitter:card\" content=\"summary_large_image\" \/>\n<meta name=\"twitter:label1\" content=\"Est. tempo de leitura\" \/>\n\t<meta name=\"twitter:data1\" content=\"2 minutos\" \/>\n<script type=\"application\/ld+json\" class=\"yoast-schema-graph\">{\"@context\":\"https:\/\/schema.org\",\"@graph\":[{\"@type\":\"WebSite\",\"@id\":\"https:\/\/www.aureacarolina.com.br\/camara\/#website\",\"url\":\"https:\/\/www.aureacarolina.com.br\/camara\/\",\"name\":\"\\u00c1urea Carolina\",\"description\":\"deputada federal\",\"potentialAction\":[{\"@type\":\"SearchAction\",\"target\":\"https:\/\/www.aureacarolina.com.br\/camara\/?s={search_term_string}\",\"query-input\":\"required name=search_term_string\"}],\"inLanguage\":\"pt-BR\"},{\"@type\":\"ImageObject\",\"@id\":\"https:\/\/www.aureacarolina.com.br\/camara\/2020\/07\/20\/como-votamos-pela-renovacao-do-fundeb\/#primaryimage\",\"inLanguage\":\"pt-BR\",\"url\":\"https:\/\/www.aureacarolina.com.br\/camara\/wp-content\/uploads\/2020\/07\/WhatsApp-Image-2020-07-20-at-18.37.12.jpeg\",\"contentUrl\":\"https:\/\/www.aureacarolina.com.br\/camara\/wp-content\/uploads\/2020\/07\/WhatsApp-Image-2020-07-20-at-18.37.12.jpeg\",\"width\":1280,\"height\":959,\"caption\":\"Ubes\"},{\"@type\":\"WebPage\",\"@id\":\"https:\/\/www.aureacarolina.com.br\/camara\/2020\/07\/20\/como-votamos-pela-renovacao-do-fundeb\/#webpage\",\"url\":\"https:\/\/www.aureacarolina.com.br\/camara\/2020\/07\/20\/como-votamos-pela-renovacao-do-fundeb\/\",\"name\":\"Como votamos: pela renova\\u00e7\\u00e3o do Fundeb! - \\u00c1urea Carolina\",\"isPartOf\":{\"@id\":\"https:\/\/www.aureacarolina.com.br\/camara\/#website\"},\"primaryImageOfPage\":{\"@id\":\"https:\/\/www.aureacarolina.com.br\/camara\/2020\/07\/20\/como-votamos-pela-renovacao-do-fundeb\/#primaryimage\"},\"datePublished\":\"2020-07-20T17:03:20+00:00\",\"dateModified\":\"2020-08-11T20:41:19+00:00\",\"author\":{\"@id\":\"https:\/\/www.aureacarolina.com.br\/camara\/#\/schema\/person\/ea5a01c25f36c70fae3fe96859684ab1\"},\"breadcrumb\":{\"@id\":\"https:\/\/www.aureacarolina.com.br\/camara\/2020\/07\/20\/como-votamos-pela-renovacao-do-fundeb\/#breadcrumb\"},\"inLanguage\":\"pt-BR\",\"potentialAction\":[{\"@type\":\"ReadAction\",\"target\":[\"https:\/\/www.aureacarolina.com.br\/camara\/2020\/07\/20\/como-votamos-pela-renovacao-do-fundeb\/\"]}]},{\"@type\":\"BreadcrumbList\",\"@id\":\"https:\/\/www.aureacarolina.com.br\/camara\/2020\/07\/20\/como-votamos-pela-renovacao-do-fundeb\/#breadcrumb\",\"itemListElement\":[{\"@type\":\"ListItem\",\"position\":1,\"item\":{\"@type\":\"WebPage\",\"@id\":\"https:\/\/www.aureacarolina.com.br\/camara\/\",\"url\":\"https:\/\/www.aureacarolina.com.br\/camara\/\",\"name\":\"In\\u00edcio\"}},{\"@type\":\"ListItem\",\"position\":2,\"item\":{\"@id\":\"https:\/\/www.aureacarolina.com.br\/camara\/2020\/07\/20\/como-votamos-pela-renovacao-do-fundeb\/#webpage\"}}]},{\"@type\":\"Person\",\"@id\":\"https:\/\/www.aureacarolina.com.br\/camara\/#\/schema\/person\/ea5a01c25f36c70fae3fe96859684ab1\",\"name\":\"AdmAurea\",\"image\":{\"@type\":\"ImageObject\",\"@id\":\"https:\/\/www.aureacarolina.com.br\/camara\/#personlogo\",\"inLanguage\":\"pt-BR\",\"url\":\"https:\/\/secure.gravatar.com\/avatar\/21a05777d1847c3fb829a6c9f224ea0d?s=96&d=mm&r=g\",\"contentUrl\":\"https:\/\/secure.gravatar.com\/avatar\/21a05777d1847c3fb829a6c9f224ea0d?s=96&d=mm&r=g\",\"caption\":\"AdmAurea\"},\"url\":\"https:\/\/www.aureacarolina.com.br\/camara\/author\/admaurea\/\"}]}<\/script>\n<!-- \/ Yoast SEO plugin. -->","_links":{"self":[{"href":"https:\/\/www.aureacarolina.com.br\/camara\/wp-json\/wp\/v2\/posts\/627"}],"collection":[{"href":"https:\/\/www.aureacarolina.com.br\/camara\/wp-json\/wp\/v2\/posts"}],"about":[{"href":"https:\/\/www.aureacarolina.com.br\/camara\/wp-json\/wp\/v2\/types\/post"}],"author":[{"embeddable":true,"href":"https:\/\/www.aureacarolina.com.br\/camara\/wp-json\/wp\/v2\/users\/1"}],"replies":[{"embeddable":true,"href":"https:\/\/www.aureacarolina.com.br\/camara\/wp-json\/wp\/v2\/comments?post=627"}],"version-history":[{"count":3,"href":"https:\/\/www.aureacarolina.com.br\/camara\/wp-json\/wp\/v2\/posts\/627\/revisions"}],"predecessor-version":[{"id":707,"href":"https:\/\/www.aureacarolina.com.br\/camara\/wp-json\/wp\/v2\/posts\/627\/revisions\/707"}],"wp:featuredmedia":[{"embeddable":true,"href":"https:\/\/www.aureacarolina.com.br\/camara\/wp-json\/wp\/v2\/media\/628"}],"wp:attachment":[{"href":"https:\/\/www.aureacarolina.com.br\/camara\/wp-json\/wp\/v2\/media?parent=627"}],"wp:term":[{"taxonomy":"category","embeddable":true,"href":"https:\/\/www.aureacarolina.com.br\/camara\/wp-json\/wp\/v2\/categories?post=627"},{"taxonomy":"post_tag","embeddable":true,"href":"https:\/\/www.aureacarolina.com.br\/camara\/wp-json\/wp\/v2\/tags?post=627"}],"curies":[{"name":"wp","href":"https:\/\/api.w.org\/{rel}","templated":true}]}}