{"id":589,"date":"2020-07-28T18:43:12","date_gmt":"2020-07-28T21:43:12","guid":{"rendered":"http:\/\/www.aureacarolina.com.br\/camara\/?p=589"},"modified":"2020-07-28T18:43:53","modified_gmt":"2020-07-28T21:43:53","slug":"aurea-carolina-concorre-a-melhor-deputada-federal","status":"publish","type":"post","link":"https:\/\/www.aureacarolina.com.br\/camara\/2020\/07\/28\/aurea-carolina-concorre-a-melhor-deputada-federal\/","title":{"rendered":"\u00c1urea Carolina concorre a melhor deputada federal"},"content":{"rendered":"<p style=\"text-align: center;\"><em>O \u00faltimo resultado parcial da premia\u00e7\u00e3o mostrou que a mineira \u00e9 a deputada federal melhor colocada do estado<\/em><\/p>\n<p>Pelo segundo ano, \u00c1urea Carolina (PSOL) concorre ao Pr\u00eamio Congresso em Foco, que reconhece as e os melhores parlamentares do ano. Al\u00e9m da vota\u00e7\u00e3o principal, \u00c1urea tamb\u00e9m est\u00e1 na disputa pela categoria Clima e Sustentabilidade devido ao trabalho que desenvolve pela prote\u00e7\u00e3o dos direitos de quilombolas, ind\u00edgenas e demais povos e comunidades tradicionais, preserva\u00e7\u00e3o ao meio ambiente e contra a minera\u00e7\u00e3o predat\u00f3ria.<\/p>\n<p style=\"text-align: left;\">No resultado parcial divulgado na \u00faltima sexta-feira, 24\/7, a mineira est\u00e1 entre os 20 mais bem votados da C\u00e2mara Federal. \u00c1urea \u00e9 a melhor colocada entre as e os deputados e deputadas federais do estado.<\/p>\n<p style=\"text-align: left;\">A vota\u00e7\u00e3o vai at\u00e9 a pr\u00f3xima sexta-feira, 31\/7, exclusivamente pelo site: <a href=\"https:\/\/premio.congressoemfoco.com.br\">https:\/\/premio.congressoemfoco.com.br<\/a>\/.<\/p>\n<p style=\"text-align: left;\"><strong>Pr\u00eamio Congresso em Foco<\/strong> &#8211; H\u00e1 13 anos, o pr\u00eamio busca reconhecer o trabalho de parlamentares no Congresso Federal, considerando a opini\u00e3o do p\u00fablico, por meio de vota\u00e7\u00e3o popular, e a an\u00e1lise de um j\u00fari de jornalistas especializados. Em 2020, al\u00e9m das categorias gerais \u2018Melhores na C\u00e2mara&#8217; e \u2018Melhores no Senado&#8217;, as e os congressistas tamb\u00e9m disputam as especiais \u2018Defesa da Educa\u00e7\u00e3o&#8217; e \u2018Clima e Sustentabilidade&#8217;. A cerim\u00f4nia de premia\u00e7\u00e3o ser\u00e1 online em 20 de agosto<\/p>\n","protected":false},"excerpt":{"rendered":"<p>O \u00faltimo resultado parcial da premia\u00e7\u00e3o mostrou que a mineira \u00e9 a deputada federal melhor colocada do estado Pelo segundo [&hellip;]<\/p>\n","protected":false},"author":1,"featured_media":590,"comment_status":"open","ping_status":"open","sticky":false,"template":"","format":"standard","meta":[],"categories":[16],"tags":[],"yoast_head":"<!-- This site is optimized with the Yoast SEO plugin v16.4 - https:\/\/yoast.com\/wordpress\/plugins\/seo\/ -->\n<title>\u00c1urea Carolina concorre a melhor deputada federal - \u00c1urea Carolina<\/title>\n<meta name=\"robots\" content=\"index, follow, max-snippet:-1, max-image-preview:large, max-video-preview:-1\" \/>\n<link rel=\"canonical\" href=\"https:\/\/www.aureacarolina.com.br\/camara\/2020\/07\/28\/aurea-carolina-concorre-a-melhor-deputada-federal\/\" \/>\n<meta property=\"og:locale\" content=\"pt_BR\" \/>\n<meta property=\"og:type\" content=\"article\" \/>\n<meta property=\"og:title\" content=\"\u00c1urea Carolina concorre a melhor deputada federal - \u00c1urea Carolina\" \/>\n<meta property=\"og:description\" content=\"O \u00faltimo resultado parcial da premia\u00e7\u00e3o mostrou que a mineira \u00e9 a deputada federal melhor colocada do estado Pelo segundo [&hellip;]\" \/>\n<meta property=\"og:url\" content=\"https:\/\/www.aureacarolina.com.br\/camara\/2020\/07\/28\/aurea-carolina-concorre-a-melhor-deputada-federal\/\" \/>\n<meta property=\"og:site_name\" content=\"\u00c1urea Carolina\" \/>\n<meta property=\"article:published_time\" content=\"2020-07-28T21:43:12+00:00\" \/>\n<meta property=\"article:modified_time\" content=\"2020-07-28T21:43:53+00:00\" \/>\n<meta property=\"og:image\" content=\"https:\/\/www.aureacarolina.com.br\/camara\/wp-content\/uploads\/2020\/07\/26.04.2019_Audiencia_funk_Cleia-Viana_C\u00e2mara-dos-Deputados-scaled.jpg\" \/>\n\t<meta property=\"og:image:width\" content=\"2560\" \/>\n\t<meta property=\"og:image:height\" content=\"1707\" \/>\n<meta name=\"twitter:card\" content=\"summary_large_image\" \/>\n<meta name=\"twitter:label1\" content=\"Est. tempo de leitura\" \/>\n\t<meta name=\"twitter:data1\" content=\"1 minuto\" \/>\n<script type=\"application\/ld+json\" class=\"yoast-schema-graph\">{\"@context\":\"https:\/\/schema.org\",\"@graph\":[{\"@type\":\"WebSite\",\"@id\":\"https:\/\/www.aureacarolina.com.br\/camara\/#website\",\"url\":\"https:\/\/www.aureacarolina.com.br\/camara\/\",\"name\":\"\\u00c1urea Carolina\",\"description\":\"deputada federal\",\"potentialAction\":[{\"@type\":\"SearchAction\",\"target\":\"https:\/\/www.aureacarolina.com.br\/camara\/?s={search_term_string}\",\"query-input\":\"required name=search_term_string\"}],\"inLanguage\":\"pt-BR\"},{\"@type\":\"ImageObject\",\"@id\":\"https:\/\/www.aureacarolina.com.br\/camara\/2020\/07\/28\/aurea-carolina-concorre-a-melhor-deputada-federal\/#primaryimage\",\"inLanguage\":\"pt-BR\",\"url\":\"https:\/\/www.aureacarolina.com.br\/camara\/wp-content\/uploads\/2020\/07\/26.04.2019_Audiencia_funk_Cleia-Viana_C\\u00e2mara-dos-Deputados-scaled.jpg\",\"contentUrl\":\"https:\/\/www.aureacarolina.com.br\/camara\/wp-content\/uploads\/2020\/07\/26.04.2019_Audiencia_funk_Cleia-Viana_C\\u00e2mara-dos-Deputados-scaled.jpg\",\"width\":2560,\"height\":1707,\"caption\":\"Foto: Cl\\u00e9ia Viana\/C\\u00e2mara dos Deputados\"},{\"@type\":\"WebPage\",\"@id\":\"https:\/\/www.aureacarolina.com.br\/camara\/2020\/07\/28\/aurea-carolina-concorre-a-melhor-deputada-federal\/#webpage\",\"url\":\"https:\/\/www.aureacarolina.com.br\/camara\/2020\/07\/28\/aurea-carolina-concorre-a-melhor-deputada-federal\/\",\"name\":\"\\u00c1urea Carolina concorre a melhor deputada federal - \\u00c1urea Carolina\",\"isPartOf\":{\"@id\":\"https:\/\/www.aureacarolina.com.br\/camara\/#website\"},\"primaryImageOfPage\":{\"@id\":\"https:\/\/www.aureacarolina.com.br\/camara\/2020\/07\/28\/aurea-carolina-concorre-a-melhor-deputada-federal\/#primaryimage\"},\"datePublished\":\"2020-07-28T21:43:12+00:00\",\"dateModified\":\"2020-07-28T21:43:53+00:00\",\"author\":{\"@id\":\"https:\/\/www.aureacarolina.com.br\/camara\/#\/schema\/person\/ea5a01c25f36c70fae3fe96859684ab1\"},\"breadcrumb\":{\"@id\":\"https:\/\/www.aureacarolina.com.br\/camara\/2020\/07\/28\/aurea-carolina-concorre-a-melhor-deputada-federal\/#breadcrumb\"},\"inLanguage\":\"pt-BR\",\"potentialAction\":[{\"@type\":\"ReadAction\",\"target\":[\"https:\/\/www.aureacarolina.com.br\/camara\/2020\/07\/28\/aurea-carolina-concorre-a-melhor-deputada-federal\/\"]}]},{\"@type\":\"BreadcrumbList\",\"@id\":\"https:\/\/www.aureacarolina.com.br\/camara\/2020\/07\/28\/aurea-carolina-concorre-a-melhor-deputada-federal\/#breadcrumb\",\"itemListElement\":[{\"@type\":\"ListItem\",\"position\":1,\"item\":{\"@type\":\"WebPage\",\"@id\":\"https:\/\/www.aureacarolina.com.br\/camara\/\",\"url\":\"https:\/\/www.aureacarolina.com.br\/camara\/\",\"name\":\"In\\u00edcio\"}},{\"@type\":\"ListItem\",\"position\":2,\"item\":{\"@id\":\"https:\/\/www.aureacarolina.com.br\/camara\/2020\/07\/28\/aurea-carolina-concorre-a-melhor-deputada-federal\/#webpage\"}}]},{\"@type\":\"Person\",\"@id\":\"https:\/\/www.aureacarolina.com.br\/camara\/#\/schema\/person\/ea5a01c25f36c70fae3fe96859684ab1\",\"name\":\"AdmAurea\",\"image\":{\"@type\":\"ImageObject\",\"@id\":\"https:\/\/www.aureacarolina.com.br\/camara\/#personlogo\",\"inLanguage\":\"pt-BR\",\"url\":\"https:\/\/secure.gravatar.com\/avatar\/21a05777d1847c3fb829a6c9f224ea0d?s=96&d=mm&r=g\",\"contentUrl\":\"https:\/\/secure.gravatar.com\/avatar\/21a05777d1847c3fb829a6c9f224ea0d?s=96&d=mm&r=g\",\"caption\":\"AdmAurea\"},\"url\":\"https:\/\/www.aureacarolina.com.br\/camara\/author\/admaurea\/\"}]}<\/script>\n<!-- \/ Yoast SEO plugin. -->","_links":{"self":[{"href":"https:\/\/www.aureacarolina.com.br\/camara\/wp-json\/wp\/v2\/posts\/589"}],"collection":[{"href":"https:\/\/www.aureacarolina.com.br\/camara\/wp-json\/wp\/v2\/posts"}],"about":[{"href":"https:\/\/www.aureacarolina.com.br\/camara\/wp-json\/wp\/v2\/types\/post"}],"author":[{"embeddable":true,"href":"https:\/\/www.aureacarolina.com.br\/camara\/wp-json\/wp\/v2\/users\/1"}],"replies":[{"embeddable":true,"href":"https:\/\/www.aureacarolina.com.br\/camara\/wp-json\/wp\/v2\/comments?post=589"}],"version-history":[{"count":3,"href":"https:\/\/www.aureacarolina.com.br\/camara\/wp-json\/wp\/v2\/posts\/589\/revisions"}],"predecessor-version":[{"id":593,"href":"https:\/\/www.aureacarolina.com.br\/camara\/wp-json\/wp\/v2\/posts\/589\/revisions\/593"}],"wp:featuredmedia":[{"embeddable":true,"href":"https:\/\/www.aureacarolina.com.br\/camara\/wp-json\/wp\/v2\/media\/590"}],"wp:attachment":[{"href":"https:\/\/www.aureacarolina.com.br\/camara\/wp-json\/wp\/v2\/media?parent=589"}],"wp:term":[{"taxonomy":"category","embeddable":true,"href":"https:\/\/www.aureacarolina.com.br\/camara\/wp-json\/wp\/v2\/categories?post=589"},{"taxonomy":"post_tag","embeddable":true,"href":"https:\/\/www.aureacarolina.com.br\/camara\/wp-json\/wp\/v2\/tags?post=589"}],"curies":[{"name":"wp","href":"https:\/\/api.w.org\/{rel}","templated":true}]}}