{"id":1443,"date":"2022-03-15T17:48:51","date_gmt":"2022-03-15T20:48:51","guid":{"rendered":"https:\/\/www.aureacarolina.com.br\/camara\/?p=1443"},"modified":"2022-03-15T17:48:51","modified_gmt":"2022-03-15T20:48:51","slug":"projeto-obriga-empresas-a-respeitarem-direitos-humanos-no-pais","status":"publish","type":"post","link":"https:\/\/www.aureacarolina.com.br\/camara\/2022\/03\/15\/projeto-obriga-empresas-a-respeitarem-direitos-humanos-no-pais\/","title":{"rendered":"Projeto obriga empresas a respeitarem direitos humanos no pa\u00eds"},"content":{"rendered":"<p>Um grupo composto por parlamentares e organiza\u00e7\u00f5es da sociedade civil protocolou, na \u00faltima segunda (14) o Projeto de Lei Marco Direitos Humanos e Empresas. O PL 572\/2022 estabelece uma s\u00e9rie de obriga\u00e7\u00f5es para que empresas e Estado respeitem os direitos humanos no \u00e2mbito dos empreendimentos realizados no Brasil. Assinam o PL os mandatos de \u00c1urea Carolina (PSOL\/MG), Carlos Veras (PT\/PE), Fernanda Melchionna (PSOL\/RS) e Helder Salom\u00e3o (PT\/ES).<\/p>\n<p>A proposta \u00e9 resultado do ac\u00famulo hist\u00f3rico das lutas territoriais de ativistas, atingidos, movimentos sociais e mandatos. O texto-base foi elaborado a partir de um estudo do Homa (Centro de Direitos Humanos e Empresas da UFJF), com o apoio da Funda\u00e7\u00e3o Friedrich Ebert Brasil. A FES-Brasil, a CUT, o MAB e a Amigos da Terra Brasil tamb\u00e9m participaram da elabora\u00e7\u00e3o.<\/p>\n<p>O projeto foi apresentado no Dia Internacional de Luta Contra as Barragens, em um marco da defesa das popula\u00e7\u00f5es que t\u00eam tido seus direitos constantemente desrespeitados.<\/p>\n<p>Acesse o texto-base na \u00edntegra <a href=\"https:\/\/www.camara.leg.br\/proposicoesWeb\/fichadetramitacao?idProposicao=2317904\">aqui<\/a>.<\/p>\n","protected":false},"excerpt":{"rendered":"<p>Um grupo composto por parlamentares e organiza\u00e7\u00f5es da sociedade civil protocolou, na \u00faltima segunda (14) o Projeto de Lei Marco [&hellip;]<\/p>\n","protected":false},"author":1,"featured_media":1444,"comment_status":"closed","ping_status":"closed","sticky":false,"template":"","format":"standard","meta":[],"categories":[34],"tags":[],"yoast_head":"<!-- This site is optimized with the Yoast SEO plugin v16.4 - https:\/\/yoast.com\/wordpress\/plugins\/seo\/ -->\n<title>Projeto obriga empresas a respeitarem direitos humanos no pa\u00eds - \u00c1urea Carolina<\/title>\n<meta name=\"description\" content=\"Proposta \u00e9 assinada pelos mandatos de \u00c1urea Carolina, Fernanda Melchionna, Carlos Veras e Helder Salom\u00e3o na C\u00e2mara dos Deputados\" \/>\n<meta name=\"robots\" content=\"index, follow, max-snippet:-1, max-image-preview:large, max-video-preview:-1\" \/>\n<link rel=\"canonical\" href=\"https:\/\/www.aureacarolina.com.br\/camara\/2022\/03\/15\/projeto-obriga-empresas-a-respeitarem-direitos-humanos-no-pais\/\" \/>\n<meta property=\"og:locale\" content=\"pt_BR\" \/>\n<meta property=\"og:type\" content=\"article\" \/>\n<meta property=\"og:title\" content=\"Projeto obriga empresas a respeitarem direitos humanos no pa\u00eds - \u00c1urea Carolina\" \/>\n<meta property=\"og:description\" content=\"Proposta \u00e9 assinada pelos mandatos de \u00c1urea Carolina, Fernanda Melchionna, Carlos Veras e Helder Salom\u00e3o na C\u00e2mara dos Deputados\" \/>\n<meta property=\"og:url\" content=\"https:\/\/www.aureacarolina.com.br\/camara\/2022\/03\/15\/projeto-obriga-empresas-a-respeitarem-direitos-humanos-no-pais\/\" \/>\n<meta property=\"og:site_name\" content=\"\u00c1urea Carolina\" \/>\n<meta property=\"article:published_time\" content=\"2022-03-15T20:48:51+00:00\" \/>\n<meta property=\"og:image\" content=\"https:\/\/www.aureacarolina.com.br\/camara\/wp-content\/uploads\/2022\/03\/burst-nappy--scaled.jpeg\" \/>\n\t<meta property=\"og:image:width\" content=\"2560\" \/>\n\t<meta property=\"og:image:height\" content=\"1706\" \/>\n<meta name=\"twitter:card\" content=\"summary_large_image\" \/>\n<meta name=\"twitter:label1\" content=\"Est. tempo de leitura\" \/>\n\t<meta name=\"twitter:data1\" content=\"1 minuto\" \/>\n<script type=\"application\/ld+json\" class=\"yoast-schema-graph\">{\"@context\":\"https:\/\/schema.org\",\"@graph\":[{\"@type\":\"WebSite\",\"@id\":\"https:\/\/www.aureacarolina.com.br\/camara\/#website\",\"url\":\"https:\/\/www.aureacarolina.com.br\/camara\/\",\"name\":\"\\u00c1urea Carolina\",\"description\":\"deputada federal\",\"potentialAction\":[{\"@type\":\"SearchAction\",\"target\":\"https:\/\/www.aureacarolina.com.br\/camara\/?s={search_term_string}\",\"query-input\":\"required name=search_term_string\"}],\"inLanguage\":\"pt-BR\"},{\"@type\":\"ImageObject\",\"@id\":\"https:\/\/www.aureacarolina.com.br\/camara\/2022\/03\/15\/projeto-obriga-empresas-a-respeitarem-direitos-humanos-no-pais\/#primaryimage\",\"inLanguage\":\"pt-BR\",\"url\":\"https:\/\/www.aureacarolina.com.br\/camara\/wp-content\/uploads\/2022\/03\/burst-nappy--scaled.jpeg\",\"contentUrl\":\"https:\/\/www.aureacarolina.com.br\/camara\/wp-content\/uploads\/2022\/03\/burst-nappy--scaled.jpeg\",\"width\":2560,\"height\":1706},{\"@type\":\"WebPage\",\"@id\":\"https:\/\/www.aureacarolina.com.br\/camara\/2022\/03\/15\/projeto-obriga-empresas-a-respeitarem-direitos-humanos-no-pais\/#webpage\",\"url\":\"https:\/\/www.aureacarolina.com.br\/camara\/2022\/03\/15\/projeto-obriga-empresas-a-respeitarem-direitos-humanos-no-pais\/\",\"name\":\"Projeto obriga empresas a respeitarem direitos humanos no pa\\u00eds - \\u00c1urea Carolina\",\"isPartOf\":{\"@id\":\"https:\/\/www.aureacarolina.com.br\/camara\/#website\"},\"primaryImageOfPage\":{\"@id\":\"https:\/\/www.aureacarolina.com.br\/camara\/2022\/03\/15\/projeto-obriga-empresas-a-respeitarem-direitos-humanos-no-pais\/#primaryimage\"},\"datePublished\":\"2022-03-15T20:48:51+00:00\",\"dateModified\":\"2022-03-15T20:48:51+00:00\",\"author\":{\"@id\":\"https:\/\/www.aureacarolina.com.br\/camara\/#\/schema\/person\/ea5a01c25f36c70fae3fe96859684ab1\"},\"description\":\"Proposta \\u00e9 assinada pelos mandatos de \\u00c1urea Carolina, Fernanda Melchionna, Carlos Veras e Helder Salom\\u00e3o na C\\u00e2mara dos Deputados\",\"breadcrumb\":{\"@id\":\"https:\/\/www.aureacarolina.com.br\/camara\/2022\/03\/15\/projeto-obriga-empresas-a-respeitarem-direitos-humanos-no-pais\/#breadcrumb\"},\"inLanguage\":\"pt-BR\",\"potentialAction\":[{\"@type\":\"ReadAction\",\"target\":[\"https:\/\/www.aureacarolina.com.br\/camara\/2022\/03\/15\/projeto-obriga-empresas-a-respeitarem-direitos-humanos-no-pais\/\"]}]},{\"@type\":\"BreadcrumbList\",\"@id\":\"https:\/\/www.aureacarolina.com.br\/camara\/2022\/03\/15\/projeto-obriga-empresas-a-respeitarem-direitos-humanos-no-pais\/#breadcrumb\",\"itemListElement\":[{\"@type\":\"ListItem\",\"position\":1,\"item\":{\"@type\":\"WebPage\",\"@id\":\"https:\/\/www.aureacarolina.com.br\/camara\/\",\"url\":\"https:\/\/www.aureacarolina.com.br\/camara\/\",\"name\":\"In\\u00edcio\"}},{\"@type\":\"ListItem\",\"position\":2,\"item\":{\"@id\":\"https:\/\/www.aureacarolina.com.br\/camara\/2022\/03\/15\/projeto-obriga-empresas-a-respeitarem-direitos-humanos-no-pais\/#webpage\"}}]},{\"@type\":\"Person\",\"@id\":\"https:\/\/www.aureacarolina.com.br\/camara\/#\/schema\/person\/ea5a01c25f36c70fae3fe96859684ab1\",\"name\":\"AdmAurea\",\"image\":{\"@type\":\"ImageObject\",\"@id\":\"https:\/\/www.aureacarolina.com.br\/camara\/#personlogo\",\"inLanguage\":\"pt-BR\",\"url\":\"https:\/\/secure.gravatar.com\/avatar\/21a05777d1847c3fb829a6c9f224ea0d?s=96&d=mm&r=g\",\"contentUrl\":\"https:\/\/secure.gravatar.com\/avatar\/21a05777d1847c3fb829a6c9f224ea0d?s=96&d=mm&r=g\",\"caption\":\"AdmAurea\"},\"url\":\"https:\/\/www.aureacarolina.com.br\/camara\/author\/admaurea\/\"}]}<\/script>\n<!-- \/ Yoast SEO plugin. -->","_links":{"self":[{"href":"https:\/\/www.aureacarolina.com.br\/camara\/wp-json\/wp\/v2\/posts\/1443"}],"collection":[{"href":"https:\/\/www.aureacarolina.com.br\/camara\/wp-json\/wp\/v2\/posts"}],"about":[{"href":"https:\/\/www.aureacarolina.com.br\/camara\/wp-json\/wp\/v2\/types\/post"}],"author":[{"embeddable":true,"href":"https:\/\/www.aureacarolina.com.br\/camara\/wp-json\/wp\/v2\/users\/1"}],"replies":[{"embeddable":true,"href":"https:\/\/www.aureacarolina.com.br\/camara\/wp-json\/wp\/v2\/comments?post=1443"}],"version-history":[{"count":1,"href":"https:\/\/www.aureacarolina.com.br\/camara\/wp-json\/wp\/v2\/posts\/1443\/revisions"}],"predecessor-version":[{"id":1445,"href":"https:\/\/www.aureacarolina.com.br\/camara\/wp-json\/wp\/v2\/posts\/1443\/revisions\/1445"}],"wp:featuredmedia":[{"embeddable":true,"href":"https:\/\/www.aureacarolina.com.br\/camara\/wp-json\/wp\/v2\/media\/1444"}],"wp:attachment":[{"href":"https:\/\/www.aureacarolina.com.br\/camara\/wp-json\/wp\/v2\/media?parent=1443"}],"wp:term":[{"taxonomy":"category","embeddable":true,"href":"https:\/\/www.aureacarolina.com.br\/camara\/wp-json\/wp\/v2\/categories?post=1443"},{"taxonomy":"post_tag","embeddable":true,"href":"https:\/\/www.aureacarolina.com.br\/camara\/wp-json\/wp\/v2\/tags?post=1443"}],"curies":[{"name":"wp","href":"https:\/\/api.w.org\/{rel}","templated":true}]}}