{"id":1424,"date":"2022-02-25T18:10:55","date_gmt":"2022-02-25T21:10:55","guid":{"rendered":"https:\/\/www.aureacarolina.com.br\/camara\/?p=1424"},"modified":"2022-02-25T18:10:55","modified_gmt":"2022-02-25T21:10:55","slug":"no-dia-em-que-a-vale-registra-maior-lucro-da-historia-mineradoras-ganham-mais-prazo-para-desativar-barragens-em-mg","status":"publish","type":"post","link":"https:\/\/www.aureacarolina.com.br\/camara\/2022\/02\/25\/no-dia-em-que-a-vale-registra-maior-lucro-da-historia-mineradoras-ganham-mais-prazo-para-desativar-barragens-em-mg\/","title":{"rendered":"No dia em que a Vale registra maior lucro da hist\u00f3ria, mineradoras ganham mais prazo para desativar barragens em MG"},"content":{"rendered":"<p>Esta sexta seria a data limite para a desativa\u00e7\u00e3o de todas as barragens a montante no estado. A determina\u00e7\u00e3o \u00e9 da Lei Mar de Lama Nunca Mais, aprovada na ALMG ap\u00f3s o crime da Vale em Brumadinho, pela mobiliza\u00e7\u00e3o intensa de movimentos sociais e comiss\u00f5es de atingidos.<\/p>\n<p>Tr\u00eas anos depois, as empresas alegam que seria imposs\u00edvel desativar as barragens no prazo fixado. Imposs\u00edvel? Que provid\u00eancias foram tomadas nesse sentido nos tr\u00eas anos que se passaram? Como o governo do estado se mobilizou para exigir o cumprimento da lei?<\/p>\n<p>Mas elas conseguiram. Dez empresas assinaram um termo de compromisso junto aos \u00f3rg\u00e3os fiscalizadores e v\u00e3o pagar R$60 milh\u00f5es em multas para seguir adiando o inadi\u00e1vel. O que isso representa para as empresas? S\u00f3 a alta nos lucros da Vale foi de 354% em rela\u00e7\u00e3o ao ano passado.<\/p>\n<p>A Vale, inclusive, n\u00e3o assinou o acordo e deve recorrer das san\u00e7\u00f5es. N\u00e3o compreendemos por que o Estado ainda n\u00e3o suspendeu as licen\u00e7as das minas de empresas que est\u00e3o flagrantemente descumprindo a lei. A coniv\u00eancia com essa postura \u00e9 inadmiss\u00edvel.<\/p>\n<p>Essa situa\u00e7\u00e3o escancara a fragilidade do nosso sistema de justi\u00e7a, que atende prontamente aos interesses das mineradoras, mas n\u00e3o \u00e9 capaz de garantir os direitos da popula\u00e7\u00e3o atingida ou a preserva\u00e7\u00e3o do meio ambiente.<\/p>\n<p>Para onde v\u00e3o esses recursos? Ser\u00e3o empregados para reparar danos nas localidades e comunidades atingidas ou v\u00e3o direto para os cofres do Estado? N\u00e3o podemos conceber que crimes como os de Mariana e Brumadinho tornem-se uma esp\u00e9cie de neg\u00f3cio para o governo de MG.<\/p>\n<p>Defendemos a aplica\u00e7\u00e3o firme da legisla\u00e7\u00e3o, com consequ\u00eancias \u00e0s empresas quando forem fazer novos licenciamentos e aplica\u00e7\u00e3o de multas pesadas. Em caso de descumprimento, precisamos de mecanismos participativos e transparentes de destina\u00e7\u00e3o dos recursos das multas.<\/p>\n<p>E mais: \u00e9 imprescind\u00edvel garantir \u00e0s fam\u00edlias que tiveram suas vidas devastadas por esse atraso compensa\u00e7\u00f5es justas e condizentes com os danos sofridos. Quanto custa deixar a vida para tr\u00e1s, sob amea\u00e7a de um novo mar de lama? Nossa luta \u00e9 para n\u00e3o precisar fazer essa conta nunca mais.<\/p>\n","protected":false},"excerpt":{"rendered":"<p>Esta sexta seria a data limite para a desativa\u00e7\u00e3o de todas as barragens a montante no estado. A determina\u00e7\u00e3o \u00e9 [&hellip;]<\/p>\n","protected":false},"author":1,"featured_media":1427,"comment_status":"closed","ping_status":"closed","sticky":false,"template":"","format":"standard","meta":[],"categories":[28],"tags":[],"yoast_head":"<!-- This site is optimized with the Yoast SEO plugin v16.4 - https:\/\/yoast.com\/wordpress\/plugins\/seo\/ -->\n<title>No dia em que a Vale registra maior lucro da hist\u00f3ria, mineradoras ganham mais prazo para desativar barragens em MG - \u00c1urea Carolina<\/title>\n<meta name=\"robots\" content=\"index, follow, max-snippet:-1, max-image-preview:large, max-video-preview:-1\" \/>\n<link rel=\"canonical\" href=\"https:\/\/www.aureacarolina.com.br\/camara\/2022\/02\/25\/no-dia-em-que-a-vale-registra-maior-lucro-da-historia-mineradoras-ganham-mais-prazo-para-desativar-barragens-em-mg\/\" \/>\n<meta property=\"og:locale\" content=\"pt_BR\" \/>\n<meta property=\"og:type\" content=\"article\" \/>\n<meta property=\"og:title\" content=\"No dia em que a Vale registra maior lucro da hist\u00f3ria, mineradoras ganham mais prazo para desativar barragens em MG - \u00c1urea Carolina\" \/>\n<meta property=\"og:description\" content=\"Esta sexta seria a data limite para a desativa\u00e7\u00e3o de todas as barragens a montante no estado. A determina\u00e7\u00e3o \u00e9 [&hellip;]\" \/>\n<meta property=\"og:url\" content=\"https:\/\/www.aureacarolina.com.br\/camara\/2022\/02\/25\/no-dia-em-que-a-vale-registra-maior-lucro-da-historia-mineradoras-ganham-mais-prazo-para-desativar-barragens-em-mg\/\" \/>\n<meta property=\"og:site_name\" content=\"\u00c1urea Carolina\" \/>\n<meta property=\"article:published_time\" content=\"2022-02-25T21:10:55+00:00\" \/>\n<meta property=\"og:image\" content=\"https:\/\/www.aureacarolina.com.br\/camara\/wp-content\/uploads\/2022\/02\/mar-de-lama-zema-passa-pano-1024x1024.png\" \/>\n\t<meta property=\"og:image:width\" content=\"1024\" \/>\n\t<meta property=\"og:image:height\" content=\"1024\" \/>\n<meta name=\"twitter:card\" content=\"summary_large_image\" \/>\n<meta name=\"twitter:label1\" content=\"Est. tempo de leitura\" \/>\n\t<meta name=\"twitter:data1\" content=\"2 minutos\" \/>\n<script type=\"application\/ld+json\" class=\"yoast-schema-graph\">{\"@context\":\"https:\/\/schema.org\",\"@graph\":[{\"@type\":\"WebSite\",\"@id\":\"https:\/\/www.aureacarolina.com.br\/camara\/#website\",\"url\":\"https:\/\/www.aureacarolina.com.br\/camara\/\",\"name\":\"\\u00c1urea Carolina\",\"description\":\"deputada federal\",\"potentialAction\":[{\"@type\":\"SearchAction\",\"target\":\"https:\/\/www.aureacarolina.com.br\/camara\/?s={search_term_string}\",\"query-input\":\"required name=search_term_string\"}],\"inLanguage\":\"pt-BR\"},{\"@type\":\"ImageObject\",\"@id\":\"https:\/\/www.aureacarolina.com.br\/camara\/2022\/02\/25\/no-dia-em-que-a-vale-registra-maior-lucro-da-historia-mineradoras-ganham-mais-prazo-para-desativar-barragens-em-mg\/#primaryimage\",\"inLanguage\":\"pt-BR\",\"url\":\"https:\/\/www.aureacarolina.com.br\/camara\/wp-content\/uploads\/2022\/02\/mar-de-lama-zema-passa-pano.png\",\"contentUrl\":\"https:\/\/www.aureacarolina.com.br\/camara\/wp-content\/uploads\/2022\/02\/mar-de-lama-zema-passa-pano.png\",\"width\":1200,\"height\":1200},{\"@type\":\"WebPage\",\"@id\":\"https:\/\/www.aureacarolina.com.br\/camara\/2022\/02\/25\/no-dia-em-que-a-vale-registra-maior-lucro-da-historia-mineradoras-ganham-mais-prazo-para-desativar-barragens-em-mg\/#webpage\",\"url\":\"https:\/\/www.aureacarolina.com.br\/camara\/2022\/02\/25\/no-dia-em-que-a-vale-registra-maior-lucro-da-historia-mineradoras-ganham-mais-prazo-para-desativar-barragens-em-mg\/\",\"name\":\"No dia em que a Vale registra maior lucro da hist\\u00f3ria, mineradoras ganham mais prazo para desativar barragens em MG - \\u00c1urea Carolina\",\"isPartOf\":{\"@id\":\"https:\/\/www.aureacarolina.com.br\/camara\/#website\"},\"primaryImageOfPage\":{\"@id\":\"https:\/\/www.aureacarolina.com.br\/camara\/2022\/02\/25\/no-dia-em-que-a-vale-registra-maior-lucro-da-historia-mineradoras-ganham-mais-prazo-para-desativar-barragens-em-mg\/#primaryimage\"},\"datePublished\":\"2022-02-25T21:10:55+00:00\",\"dateModified\":\"2022-02-25T21:10:55+00:00\",\"author\":{\"@id\":\"https:\/\/www.aureacarolina.com.br\/camara\/#\/schema\/person\/ea5a01c25f36c70fae3fe96859684ab1\"},\"breadcrumb\":{\"@id\":\"https:\/\/www.aureacarolina.com.br\/camara\/2022\/02\/25\/no-dia-em-que-a-vale-registra-maior-lucro-da-historia-mineradoras-ganham-mais-prazo-para-desativar-barragens-em-mg\/#breadcrumb\"},\"inLanguage\":\"pt-BR\",\"potentialAction\":[{\"@type\":\"ReadAction\",\"target\":[\"https:\/\/www.aureacarolina.com.br\/camara\/2022\/02\/25\/no-dia-em-que-a-vale-registra-maior-lucro-da-historia-mineradoras-ganham-mais-prazo-para-desativar-barragens-em-mg\/\"]}]},{\"@type\":\"BreadcrumbList\",\"@id\":\"https:\/\/www.aureacarolina.com.br\/camara\/2022\/02\/25\/no-dia-em-que-a-vale-registra-maior-lucro-da-historia-mineradoras-ganham-mais-prazo-para-desativar-barragens-em-mg\/#breadcrumb\",\"itemListElement\":[{\"@type\":\"ListItem\",\"position\":1,\"item\":{\"@type\":\"WebPage\",\"@id\":\"https:\/\/www.aureacarolina.com.br\/camara\/\",\"url\":\"https:\/\/www.aureacarolina.com.br\/camara\/\",\"name\":\"In\\u00edcio\"}},{\"@type\":\"ListItem\",\"position\":2,\"item\":{\"@id\":\"https:\/\/www.aureacarolina.com.br\/camara\/2022\/02\/25\/no-dia-em-que-a-vale-registra-maior-lucro-da-historia-mineradoras-ganham-mais-prazo-para-desativar-barragens-em-mg\/#webpage\"}}]},{\"@type\":\"Person\",\"@id\":\"https:\/\/www.aureacarolina.com.br\/camara\/#\/schema\/person\/ea5a01c25f36c70fae3fe96859684ab1\",\"name\":\"AdmAurea\",\"image\":{\"@type\":\"ImageObject\",\"@id\":\"https:\/\/www.aureacarolina.com.br\/camara\/#personlogo\",\"inLanguage\":\"pt-BR\",\"url\":\"https:\/\/secure.gravatar.com\/avatar\/21a05777d1847c3fb829a6c9f224ea0d?s=96&d=mm&r=g\",\"contentUrl\":\"https:\/\/secure.gravatar.com\/avatar\/21a05777d1847c3fb829a6c9f224ea0d?s=96&d=mm&r=g\",\"caption\":\"AdmAurea\"},\"url\":\"https:\/\/www.aureacarolina.com.br\/camara\/author\/admaurea\/\"}]}<\/script>\n<!-- \/ Yoast SEO plugin. -->","_links":{"self":[{"href":"https:\/\/www.aureacarolina.com.br\/camara\/wp-json\/wp\/v2\/posts\/1424"}],"collection":[{"href":"https:\/\/www.aureacarolina.com.br\/camara\/wp-json\/wp\/v2\/posts"}],"about":[{"href":"https:\/\/www.aureacarolina.com.br\/camara\/wp-json\/wp\/v2\/types\/post"}],"author":[{"embeddable":true,"href":"https:\/\/www.aureacarolina.com.br\/camara\/wp-json\/wp\/v2\/users\/1"}],"replies":[{"embeddable":true,"href":"https:\/\/www.aureacarolina.com.br\/camara\/wp-json\/wp\/v2\/comments?post=1424"}],"version-history":[{"count":2,"href":"https:\/\/www.aureacarolina.com.br\/camara\/wp-json\/wp\/v2\/posts\/1424\/revisions"}],"predecessor-version":[{"id":1426,"href":"https:\/\/www.aureacarolina.com.br\/camara\/wp-json\/wp\/v2\/posts\/1424\/revisions\/1426"}],"wp:featuredmedia":[{"embeddable":true,"href":"https:\/\/www.aureacarolina.com.br\/camara\/wp-json\/wp\/v2\/media\/1427"}],"wp:attachment":[{"href":"https:\/\/www.aureacarolina.com.br\/camara\/wp-json\/wp\/v2\/media?parent=1424"}],"wp:term":[{"taxonomy":"category","embeddable":true,"href":"https:\/\/www.aureacarolina.com.br\/camara\/wp-json\/wp\/v2\/categories?post=1424"},{"taxonomy":"post_tag","embeddable":true,"href":"https:\/\/www.aureacarolina.com.br\/camara\/wp-json\/wp\/v2\/tags?post=1424"}],"curies":[{"name":"wp","href":"https:\/\/api.w.org\/{rel}","templated":true}]}}