{"id":1234,"date":"2021-07-07T17:51:47","date_gmt":"2021-07-07T20:51:47","guid":{"rendered":"https:\/\/www.aureacarolina.com.br\/camara\/?p=1234"},"modified":"2021-07-07T20:15:12","modified_gmt":"2021-07-07T23:15:12","slug":"governo-zema-quer-rever-tombamento-da-serra-do-curral-para-permitir-projeto-de-mineradora","status":"publish","type":"post","link":"https:\/\/www.aureacarolina.com.br\/camara\/2021\/07\/07\/governo-zema-quer-rever-tombamento-da-serra-do-curral-para-permitir-projeto-de-mineradora\/","title":{"rendered":"Governo Zema quer rever estudo de tombamento da Serra do Curral para permitir projeto de mineradora"},"content":{"rendered":"<p>Em audi\u00eancia na Assembleia de MG, o secret\u00e1rio de Cultura e Turismo do governo Zema afirmou que revisar\u00e1 o estudo realizado pelo IEPHA-MG para o tombamento estadual da Serra do Curral &#8220;\u00e0 luz dos impactos ao desenvolvimento econ\u00f4mico&#8221;. Questionado pela deputada estadual Bia Cerqueira, o secret\u00e1rio relata den\u00fancias de \u201cirregularidades no contrato\u201d do estudo, que orientou a delimita\u00e7\u00e3o da \u00e1rea a ser preservada.<\/p>\n<p>Para quem acompanha a luta pelo tombamento, a alega\u00e7\u00e3o parece mais uma desculpa para que os limites sejam revistos, abrindo brechas para a minera\u00e7\u00e3o predat\u00f3ria na regi\u00e3o. Sabemos que a mineradora Tamisa, por exemplo, tem projetos de explora\u00e7\u00e3o de min\u00e9rio dentro da \u00e1rea delimitada para tombamento.<\/p>\n<p>O desenho dessa \u00e1rea foi definido pelo IEPHA-MG a partir de um extenso estudo t\u00e9cnico, financiado pelo Minist\u00e9rio P\u00fablico de MG. Na avalia\u00e7\u00e3o de pesquisadores e ativistas ambientais, o tombamento estadual dentro dos limites previstos pelo estudo ser\u00e1 fundamental para proteger a regi\u00e3o da minera\u00e7\u00e3o predat\u00f3ria e da especula\u00e7\u00e3o imobili\u00e1ria.<\/p>\n<p>Ao inv\u00e9s de proteger nosso patrim\u00f4nio hist\u00f3rico, cultural e ambiental, o governo do estado favorece a a\u00e7\u00e3o das mineradoras na Serra do Curral. \u00c9 impens\u00e1vel! Com movimentos sociais e mandatos de luta, seguimos na press\u00e3o para que o Conselho Estadual do Patrim\u00f4nio aprove o projeto de tombamento DENTRO DOS LIMITES estabelecidos pelo estudo e recomendados pelo MP!<\/p>\n<p><em>Imagem em destaque: Arthur Nicolato<\/em><\/p>\n","protected":false},"excerpt":{"rendered":"<p>Em audi\u00eancia na Assembleia de MG, o secret\u00e1rio de Cultura e Turismo do governo Zema afirmou que revisar\u00e1 o estudo [&hellip;]<\/p>\n","protected":false},"author":1,"featured_media":1235,"comment_status":"closed","ping_status":"closed","sticky":false,"template":"","format":"standard","meta":[],"categories":[28],"tags":[],"yoast_head":"<!-- This site is optimized with the Yoast SEO plugin v16.4 - https:\/\/yoast.com\/wordpress\/plugins\/seo\/ -->\n<title>Governo Zema quer rever estudo de tombamento da Serra do Curral para permitir projeto de mineradora - \u00c1urea Carolina<\/title>\n<meta name=\"description\" content=\"Ao inv\u00e9s de proteger nosso patrim\u00f4nio hist\u00f3rico, cultural e ambiental, o governo do estado favorece a a\u00e7\u00e3o das mineradoras na Serra do Curral. \u00c9 impens\u00e1vel!\" \/>\n<meta name=\"robots\" content=\"index, follow, max-snippet:-1, max-image-preview:large, max-video-preview:-1\" \/>\n<link rel=\"canonical\" href=\"https:\/\/www.aureacarolina.com.br\/camara\/2021\/07\/07\/governo-zema-quer-rever-tombamento-da-serra-do-curral-para-permitir-projeto-de-mineradora\/\" \/>\n<meta property=\"og:locale\" content=\"pt_BR\" \/>\n<meta property=\"og:type\" content=\"article\" \/>\n<meta property=\"og:title\" content=\"Governo Zema quer rever estudo de tombamento da Serra do Curral para permitir projeto de mineradora - \u00c1urea Carolina\" \/>\n<meta property=\"og:description\" content=\"Ao inv\u00e9s de proteger nosso patrim\u00f4nio hist\u00f3rico, cultural e ambiental, o governo do estado favorece a a\u00e7\u00e3o das mineradoras na Serra do Curral. \u00c9 impens\u00e1vel!\" \/>\n<meta property=\"og:url\" content=\"https:\/\/www.aureacarolina.com.br\/camara\/2021\/07\/07\/governo-zema-quer-rever-tombamento-da-serra-do-curral-para-permitir-projeto-de-mineradora\/\" \/>\n<meta property=\"og:site_name\" content=\"\u00c1urea Carolina\" \/>\n<meta property=\"article:published_time\" content=\"2021-07-07T20:51:47+00:00\" \/>\n<meta property=\"article:modified_time\" content=\"2021-07-07T23:15:12+00:00\" \/>\n<meta property=\"og:image\" content=\"https:\/\/www.aureacarolina.com.br\/camara\/wp-content\/uploads\/2021\/07\/21_05_10_Foto-aerea-da-Serra-do-Curral-Credito-Credito-Arthur-Nicolato.jpg\" \/>\n\t<meta property=\"og:image:width\" content=\"1024\" \/>\n\t<meta property=\"og:image:height\" content=\"768\" \/>\n<meta name=\"twitter:card\" content=\"summary_large_image\" \/>\n<meta name=\"twitter:image\" content=\"https:\/\/www.aureacarolina.com.br\/camara\/wp-content\/uploads\/2021\/07\/21_05_10_Foto-aerea-da-Serra-do-Curral-Credito-Credito-Arthur-Nicolato.jpg\" \/>\n<meta name=\"twitter:label1\" content=\"Est. tempo de leitura\" \/>\n\t<meta name=\"twitter:data1\" content=\"1 minuto\" \/>\n<script type=\"application\/ld+json\" class=\"yoast-schema-graph\">{\"@context\":\"https:\/\/schema.org\",\"@graph\":[{\"@type\":\"WebSite\",\"@id\":\"https:\/\/www.aureacarolina.com.br\/camara\/#website\",\"url\":\"https:\/\/www.aureacarolina.com.br\/camara\/\",\"name\":\"\\u00c1urea Carolina\",\"description\":\"deputada federal\",\"potentialAction\":[{\"@type\":\"SearchAction\",\"target\":\"https:\/\/www.aureacarolina.com.br\/camara\/?s={search_term_string}\",\"query-input\":\"required name=search_term_string\"}],\"inLanguage\":\"pt-BR\"},{\"@type\":\"ImageObject\",\"@id\":\"https:\/\/www.aureacarolina.com.br\/camara\/2021\/07\/07\/governo-zema-quer-rever-tombamento-da-serra-do-curral-para-permitir-projeto-de-mineradora\/#primaryimage\",\"inLanguage\":\"pt-BR\",\"url\":\"https:\/\/www.aureacarolina.com.br\/camara\/wp-content\/uploads\/2021\/07\/21_05_10_Foto-aerea-da-Serra-do-Curral-Credito-Credito-Arthur-Nicolato.jpg\",\"contentUrl\":\"https:\/\/www.aureacarolina.com.br\/camara\/wp-content\/uploads\/2021\/07\/21_05_10_Foto-aerea-da-Serra-do-Curral-Credito-Credito-Arthur-Nicolato.jpg\",\"width\":1024,\"height\":768},{\"@type\":\"WebPage\",\"@id\":\"https:\/\/www.aureacarolina.com.br\/camara\/2021\/07\/07\/governo-zema-quer-rever-tombamento-da-serra-do-curral-para-permitir-projeto-de-mineradora\/#webpage\",\"url\":\"https:\/\/www.aureacarolina.com.br\/camara\/2021\/07\/07\/governo-zema-quer-rever-tombamento-da-serra-do-curral-para-permitir-projeto-de-mineradora\/\",\"name\":\"Governo Zema quer rever estudo de tombamento da Serra do Curral para permitir projeto de mineradora - \\u00c1urea Carolina\",\"isPartOf\":{\"@id\":\"https:\/\/www.aureacarolina.com.br\/camara\/#website\"},\"primaryImageOfPage\":{\"@id\":\"https:\/\/www.aureacarolina.com.br\/camara\/2021\/07\/07\/governo-zema-quer-rever-tombamento-da-serra-do-curral-para-permitir-projeto-de-mineradora\/#primaryimage\"},\"datePublished\":\"2021-07-07T20:51:47+00:00\",\"dateModified\":\"2021-07-07T23:15:12+00:00\",\"author\":{\"@id\":\"https:\/\/www.aureacarolina.com.br\/camara\/#\/schema\/person\/ea5a01c25f36c70fae3fe96859684ab1\"},\"description\":\"Ao inv\\u00e9s de proteger nosso patrim\\u00f4nio hist\\u00f3rico, cultural e ambiental, o governo do estado favorece a a\\u00e7\\u00e3o das mineradoras na Serra do Curral. \\u00c9 impens\\u00e1vel!\",\"breadcrumb\":{\"@id\":\"https:\/\/www.aureacarolina.com.br\/camara\/2021\/07\/07\/governo-zema-quer-rever-tombamento-da-serra-do-curral-para-permitir-projeto-de-mineradora\/#breadcrumb\"},\"inLanguage\":\"pt-BR\",\"potentialAction\":[{\"@type\":\"ReadAction\",\"target\":[\"https:\/\/www.aureacarolina.com.br\/camara\/2021\/07\/07\/governo-zema-quer-rever-tombamento-da-serra-do-curral-para-permitir-projeto-de-mineradora\/\"]}]},{\"@type\":\"BreadcrumbList\",\"@id\":\"https:\/\/www.aureacarolina.com.br\/camara\/2021\/07\/07\/governo-zema-quer-rever-tombamento-da-serra-do-curral-para-permitir-projeto-de-mineradora\/#breadcrumb\",\"itemListElement\":[{\"@type\":\"ListItem\",\"position\":1,\"item\":{\"@type\":\"WebPage\",\"@id\":\"https:\/\/www.aureacarolina.com.br\/camara\/\",\"url\":\"https:\/\/www.aureacarolina.com.br\/camara\/\",\"name\":\"In\\u00edcio\"}},{\"@type\":\"ListItem\",\"position\":2,\"item\":{\"@id\":\"https:\/\/www.aureacarolina.com.br\/camara\/2021\/07\/07\/governo-zema-quer-rever-tombamento-da-serra-do-curral-para-permitir-projeto-de-mineradora\/#webpage\"}}]},{\"@type\":\"Person\",\"@id\":\"https:\/\/www.aureacarolina.com.br\/camara\/#\/schema\/person\/ea5a01c25f36c70fae3fe96859684ab1\",\"name\":\"AdmAurea\",\"image\":{\"@type\":\"ImageObject\",\"@id\":\"https:\/\/www.aureacarolina.com.br\/camara\/#personlogo\",\"inLanguage\":\"pt-BR\",\"url\":\"https:\/\/secure.gravatar.com\/avatar\/21a05777d1847c3fb829a6c9f224ea0d?s=96&d=mm&r=g\",\"contentUrl\":\"https:\/\/secure.gravatar.com\/avatar\/21a05777d1847c3fb829a6c9f224ea0d?s=96&d=mm&r=g\",\"caption\":\"AdmAurea\"},\"url\":\"https:\/\/www.aureacarolina.com.br\/camara\/author\/admaurea\/\"}]}<\/script>\n<!-- \/ Yoast SEO plugin. -->","_links":{"self":[{"href":"https:\/\/www.aureacarolina.com.br\/camara\/wp-json\/wp\/v2\/posts\/1234"}],"collection":[{"href":"https:\/\/www.aureacarolina.com.br\/camara\/wp-json\/wp\/v2\/posts"}],"about":[{"href":"https:\/\/www.aureacarolina.com.br\/camara\/wp-json\/wp\/v2\/types\/post"}],"author":[{"embeddable":true,"href":"https:\/\/www.aureacarolina.com.br\/camara\/wp-json\/wp\/v2\/users\/1"}],"replies":[{"embeddable":true,"href":"https:\/\/www.aureacarolina.com.br\/camara\/wp-json\/wp\/v2\/comments?post=1234"}],"version-history":[{"count":2,"href":"https:\/\/www.aureacarolina.com.br\/camara\/wp-json\/wp\/v2\/posts\/1234\/revisions"}],"predecessor-version":[{"id":1237,"href":"https:\/\/www.aureacarolina.com.br\/camara\/wp-json\/wp\/v2\/posts\/1234\/revisions\/1237"}],"wp:featuredmedia":[{"embeddable":true,"href":"https:\/\/www.aureacarolina.com.br\/camara\/wp-json\/wp\/v2\/media\/1235"}],"wp:attachment":[{"href":"https:\/\/www.aureacarolina.com.br\/camara\/wp-json\/wp\/v2\/media?parent=1234"}],"wp:term":[{"taxonomy":"category","embeddable":true,"href":"https:\/\/www.aureacarolina.com.br\/camara\/wp-json\/wp\/v2\/categories?post=1234"},{"taxonomy":"post_tag","embeddable":true,"href":"https:\/\/www.aureacarolina.com.br\/camara\/wp-json\/wp\/v2\/tags?post=1234"}],"curies":[{"name":"wp","href":"https:\/\/api.w.org\/{rel}","templated":true}]}}