{"id":1211,"date":"2021-06-29T13:49:00","date_gmt":"2021-06-29T16:49:00","guid":{"rendered":"https:\/\/www.aureacarolina.com.br\/camara\/?p=1211"},"modified":"2021-06-29T16:07:07","modified_gmt":"2021-06-29T19:07:07","slug":"brumadinho-uso-politico-de-recursos-do-acordo-da-vale-e-inaceitavel","status":"publish","type":"post","link":"https:\/\/www.aureacarolina.com.br\/camara\/2021\/06\/29\/brumadinho-uso-politico-de-recursos-do-acordo-da-vale-e-inaceitavel\/","title":{"rendered":"Brumadinho: uso pol\u00edtico de recursos do acordo da Vale \u00e9 inaceit\u00e1vel"},"content":{"rendered":"<p>O dinheiro do acord\u00e3o da Vale \u00e9 fruto de um CRIME. A trag\u00e9dia em Brumadinho nos levou quase 300 vidas e ainda traz sofrimento em toda a extens\u00e3o do Paraopeba. O uso pol\u00edtico desses recursos n\u00e3o \u00e9 s\u00f3 anti\u00e9tico. \u00c9 inaceit\u00e1vel.<\/p>\n<p>H\u00e1 pelo menos 4 demandas fundamentais nesse debate:<\/p>\n<p>1) A GARANTIA de participa\u00e7\u00e3o e acompanhamento efetivo da destina\u00e7\u00e3o desses recursos pelas pessoas atingidas a partir da cria\u00e7\u00e3o de uma inst\u00e2ncia espec\u00edfica para isso . N\u00e3o importa quantas audi\u00eancias ter\u00e3o que ser realizadas. N\u00e3o h\u00e1 agilidade que supere a necessidade absoluta de ouvir essas fam\u00edlias.<\/p>\n<p>2)\u00a0A EXCLUS\u00c3O do projeto do Rodoanel &#8211; que al\u00e9m de inconsist\u00eancias t\u00e9cnicas e ilegalidades ambientais, apresenta impacto enorme para fam\u00edlias da RMBH. Por que n\u00e3o investir na requalifica\u00e7\u00e3o do Anel Rodovi\u00e1rio, em um programa efetivo de mobilidade para o entorno de BH?<\/p>\n<p>3) ATEN\u00c7\u00c3O e ESCUTA PR\u00c9VIA \u00e0s demandas dos povos e comunidades tradicionais e da agricultura familiar ao longo do rio Paraopeba que foram diretamente atingidos: povos ribeirinhos, agricultores familiares, as comunidades quilombolas de Pontinha, Beira C\u00f3rrego e Retiro dos Moreiras e os ind\u00edgenas Patax\u00f3 e Patax\u00f3 H\u00e3-h\u00e3-h\u00e3e.<\/p>\n<p>4) Ao inv\u00e9s de obras pontuais (que atender\u00e3o interesses eleitorais de alguns pol\u00edticos), defendemos a DESTINA\u00c7\u00c3O de recursos para pol\u00edticas de moradia, da assist\u00eancia social e direitos culturais de pessoas atingidas em TODA a calha do Paraopeba e regi\u00f5es mais vulner\u00e1veis do estado.<\/p>\n<p>Essa \u00e9 a defesa que nosso mandato vem fazendo, ao lado de atingidos, movimentos sociais e dos mandatos comprometidos com a luta. Estivemos em audi\u00eancia na Assembleia de MG na \u00faltima 6\u00aa a convite da deputada Beatriz Cerqueira e temos apoiado a apresenta\u00e7\u00e3o de emendas ao PL do Acordo, para a exclus\u00e3o do rodoanel da proposta e a regulariza\u00e7\u00e3o fundi\u00e1ria de comunidades atingidas.<\/p>\n<p>Agora precisamos de toda ajuda para amplificar essas demandas, pessoal! Bora ajudar a divulgar!<\/p>\n","protected":false},"excerpt":{"rendered":"<p>O dinheiro do acord\u00e3o da Vale \u00e9 fruto de um CRIME. A trag\u00e9dia em Brumadinho nos levou quase 300 vidas [&hellip;]<\/p>\n","protected":false},"author":1,"featured_media":1212,"comment_status":"closed","ping_status":"closed","sticky":false,"template":"","format":"standard","meta":[],"categories":[28],"tags":[],"yoast_head":"<!-- This site is optimized with the Yoast SEO plugin v16.4 - https:\/\/yoast.com\/wordpress\/plugins\/seo\/ -->\n<title>Brumadinho: uso pol\u00edtico de recursos do acordo da Vale \u00e9 inaceit\u00e1vel - \u00c1urea Carolina<\/title>\n<meta name=\"robots\" content=\"index, follow, max-snippet:-1, max-image-preview:large, max-video-preview:-1\" \/>\n<link rel=\"canonical\" href=\"https:\/\/www.aureacarolina.com.br\/camara\/2021\/06\/29\/brumadinho-uso-politico-de-recursos-do-acordo-da-vale-e-inaceitavel\/\" \/>\n<meta property=\"og:locale\" content=\"pt_BR\" \/>\n<meta property=\"og:type\" content=\"article\" \/>\n<meta property=\"og:title\" content=\"Brumadinho: uso pol\u00edtico de recursos do acordo da Vale \u00e9 inaceit\u00e1vel - \u00c1urea Carolina\" \/>\n<meta property=\"og:description\" content=\"O dinheiro do acord\u00e3o da Vale \u00e9 fruto de um CRIME. A trag\u00e9dia em Brumadinho nos levou quase 300 vidas [&hellip;]\" \/>\n<meta property=\"og:url\" content=\"https:\/\/www.aureacarolina.com.br\/camara\/2021\/06\/29\/brumadinho-uso-politico-de-recursos-do-acordo-da-vale-e-inaceitavel\/\" \/>\n<meta property=\"og:site_name\" content=\"\u00c1urea Carolina\" \/>\n<meta property=\"article:published_time\" content=\"2021-06-29T16:49:00+00:00\" \/>\n<meta property=\"article:modified_time\" content=\"2021-06-29T19:07:07+00:00\" \/>\n<meta property=\"og:image\" content=\"https:\/\/www.aureacarolina.com.br\/camara\/wp-content\/uploads\/2021\/06\/21_06_29_Brumadinho-scaled.jpg\" \/>\n\t<meta property=\"og:image:width\" content=\"2560\" \/>\n\t<meta property=\"og:image:height\" content=\"1707\" \/>\n<meta name=\"twitter:card\" content=\"summary_large_image\" \/>\n<meta name=\"twitter:image\" content=\"https:\/\/www.aureacarolina.com.br\/camara\/wp-content\/uploads\/2021\/06\/21_06_29_Brumadinho-scaled.jpg\" \/>\n<meta name=\"twitter:label1\" content=\"Est. tempo de leitura\" \/>\n\t<meta name=\"twitter:data1\" content=\"2 minutos\" \/>\n<script type=\"application\/ld+json\" class=\"yoast-schema-graph\">{\"@context\":\"https:\/\/schema.org\",\"@graph\":[{\"@type\":\"WebSite\",\"@id\":\"https:\/\/www.aureacarolina.com.br\/camara\/#website\",\"url\":\"https:\/\/www.aureacarolina.com.br\/camara\/\",\"name\":\"\\u00c1urea Carolina\",\"description\":\"deputada federal\",\"potentialAction\":[{\"@type\":\"SearchAction\",\"target\":\"https:\/\/www.aureacarolina.com.br\/camara\/?s={search_term_string}\",\"query-input\":\"required name=search_term_string\"}],\"inLanguage\":\"pt-BR\"},{\"@type\":\"ImageObject\",\"@id\":\"https:\/\/www.aureacarolina.com.br\/camara\/2021\/06\/29\/brumadinho-uso-politico-de-recursos-do-acordo-da-vale-e-inaceitavel\/#primaryimage\",\"inLanguage\":\"pt-BR\",\"url\":\"https:\/\/www.aureacarolina.com.br\/camara\/wp-content\/uploads\/2021\/06\/21_06_29_Brumadinho-scaled.jpg\",\"contentUrl\":\"https:\/\/www.aureacarolina.com.br\/camara\/wp-content\/uploads\/2021\/06\/21_06_29_Brumadinho-scaled.jpg\",\"width\":2560,\"height\":1707},{\"@type\":\"WebPage\",\"@id\":\"https:\/\/www.aureacarolina.com.br\/camara\/2021\/06\/29\/brumadinho-uso-politico-de-recursos-do-acordo-da-vale-e-inaceitavel\/#webpage\",\"url\":\"https:\/\/www.aureacarolina.com.br\/camara\/2021\/06\/29\/brumadinho-uso-politico-de-recursos-do-acordo-da-vale-e-inaceitavel\/\",\"name\":\"Brumadinho: uso pol\\u00edtico de recursos do acordo da Vale \\u00e9 inaceit\\u00e1vel - \\u00c1urea Carolina\",\"isPartOf\":{\"@id\":\"https:\/\/www.aureacarolina.com.br\/camara\/#website\"},\"primaryImageOfPage\":{\"@id\":\"https:\/\/www.aureacarolina.com.br\/camara\/2021\/06\/29\/brumadinho-uso-politico-de-recursos-do-acordo-da-vale-e-inaceitavel\/#primaryimage\"},\"datePublished\":\"2021-06-29T16:49:00+00:00\",\"dateModified\":\"2021-06-29T19:07:07+00:00\",\"author\":{\"@id\":\"https:\/\/www.aureacarolina.com.br\/camara\/#\/schema\/person\/ea5a01c25f36c70fae3fe96859684ab1\"},\"breadcrumb\":{\"@id\":\"https:\/\/www.aureacarolina.com.br\/camara\/2021\/06\/29\/brumadinho-uso-politico-de-recursos-do-acordo-da-vale-e-inaceitavel\/#breadcrumb\"},\"inLanguage\":\"pt-BR\",\"potentialAction\":[{\"@type\":\"ReadAction\",\"target\":[\"https:\/\/www.aureacarolina.com.br\/camara\/2021\/06\/29\/brumadinho-uso-politico-de-recursos-do-acordo-da-vale-e-inaceitavel\/\"]}]},{\"@type\":\"BreadcrumbList\",\"@id\":\"https:\/\/www.aureacarolina.com.br\/camara\/2021\/06\/29\/brumadinho-uso-politico-de-recursos-do-acordo-da-vale-e-inaceitavel\/#breadcrumb\",\"itemListElement\":[{\"@type\":\"ListItem\",\"position\":1,\"item\":{\"@type\":\"WebPage\",\"@id\":\"https:\/\/www.aureacarolina.com.br\/camara\/\",\"url\":\"https:\/\/www.aureacarolina.com.br\/camara\/\",\"name\":\"In\\u00edcio\"}},{\"@type\":\"ListItem\",\"position\":2,\"item\":{\"@id\":\"https:\/\/www.aureacarolina.com.br\/camara\/2021\/06\/29\/brumadinho-uso-politico-de-recursos-do-acordo-da-vale-e-inaceitavel\/#webpage\"}}]},{\"@type\":\"Person\",\"@id\":\"https:\/\/www.aureacarolina.com.br\/camara\/#\/schema\/person\/ea5a01c25f36c70fae3fe96859684ab1\",\"name\":\"AdmAurea\",\"image\":{\"@type\":\"ImageObject\",\"@id\":\"https:\/\/www.aureacarolina.com.br\/camara\/#personlogo\",\"inLanguage\":\"pt-BR\",\"url\":\"https:\/\/secure.gravatar.com\/avatar\/21a05777d1847c3fb829a6c9f224ea0d?s=96&d=mm&r=g\",\"contentUrl\":\"https:\/\/secure.gravatar.com\/avatar\/21a05777d1847c3fb829a6c9f224ea0d?s=96&d=mm&r=g\",\"caption\":\"AdmAurea\"},\"url\":\"https:\/\/www.aureacarolina.com.br\/camara\/author\/admaurea\/\"}]}<\/script>\n<!-- \/ Yoast SEO plugin. -->","_links":{"self":[{"href":"https:\/\/www.aureacarolina.com.br\/camara\/wp-json\/wp\/v2\/posts\/1211"}],"collection":[{"href":"https:\/\/www.aureacarolina.com.br\/camara\/wp-json\/wp\/v2\/posts"}],"about":[{"href":"https:\/\/www.aureacarolina.com.br\/camara\/wp-json\/wp\/v2\/types\/post"}],"author":[{"embeddable":true,"href":"https:\/\/www.aureacarolina.com.br\/camara\/wp-json\/wp\/v2\/users\/1"}],"replies":[{"embeddable":true,"href":"https:\/\/www.aureacarolina.com.br\/camara\/wp-json\/wp\/v2\/comments?post=1211"}],"version-history":[{"count":3,"href":"https:\/\/www.aureacarolina.com.br\/camara\/wp-json\/wp\/v2\/posts\/1211\/revisions"}],"predecessor-version":[{"id":1215,"href":"https:\/\/www.aureacarolina.com.br\/camara\/wp-json\/wp\/v2\/posts\/1211\/revisions\/1215"}],"wp:featuredmedia":[{"embeddable":true,"href":"https:\/\/www.aureacarolina.com.br\/camara\/wp-json\/wp\/v2\/media\/1212"}],"wp:attachment":[{"href":"https:\/\/www.aureacarolina.com.br\/camara\/wp-json\/wp\/v2\/media?parent=1211"}],"wp:term":[{"taxonomy":"category","embeddable":true,"href":"https:\/\/www.aureacarolina.com.br\/camara\/wp-json\/wp\/v2\/categories?post=1211"},{"taxonomy":"post_tag","embeddable":true,"href":"https:\/\/www.aureacarolina.com.br\/camara\/wp-json\/wp\/v2\/tags?post=1211"}],"curies":[{"name":"wp","href":"https:\/\/api.w.org\/{rel}","templated":true}]}}