{"id":1208,"date":"2021-06-28T18:38:56","date_gmt":"2021-06-28T21:38:56","guid":{"rendered":"https:\/\/www.aureacarolina.com.br\/camara\/?p=1208"},"modified":"2021-06-28T18:57:32","modified_gmt":"2021-06-28T21:57:32","slug":"incendio-no-territorio-xarkiaba-aurea-carolina-e-bancada-do-psol-acionam-pgr-para-investigacao-protecao-e-reparacao-da-comunidade","status":"publish","type":"post","link":"https:\/\/www.aureacarolina.com.br\/camara\/2021\/06\/28\/incendio-no-territorio-xarkiaba-aurea-carolina-e-bancada-do-psol-acionam-pgr-para-investigacao-protecao-e-reparacao-da-comunidade\/","title":{"rendered":"Inc\u00eandio no territ\u00f3rio Xarkiab\u00e1! \u00c1urea Carolina e bancada do PSOL acionam PGR para\u00a0investiga\u00e7\u00e3o, prote\u00e7\u00e3o e repara\u00e7\u00e3o da comunidade"},"content":{"rendered":"<p>Nesta segunda-feira, 28\/6, junto com a bancada do PSOL na C\u00e2mara, solicitamos \u00e0 Subprocuradoria-Geral da Rep\u00fablica (PGR) provid\u00eancias urgentes para a prote\u00e7\u00e3o do povo Xakriab\u00e1 e a repara\u00e7\u00e3o da escola Xukurank e da casa de medicina tradicional da comunidade, destru\u00eddas em inc\u00eandio ocorrido no territ\u00f3rio ind\u00edgena Aldeia Barreiro Preto, em S\u00e3o Jo\u00e3o das Miss\u00f5es (MG). O of\u00edcio foi enviado \u00e0 Coordena\u00e7\u00e3o da 6\u00aa C\u00e2mara de Coordena\u00e7\u00e3o e Revis\u00e3o Povos Ind\u00edgenas e Comunidades Tradicionais.<\/p>\n<p>No documento, tamb\u00e9m pedimos que a PGR atue para evitar novos confrontos e que instaure procedimentos de investiga\u00e7\u00e3o sobre as causas do inc\u00eandio, possibilitando a responsabiliza\u00e7\u00e3o dos envolvidos. Existem ind\u00edcios de que o inc\u00eandio foi criminoso e as lideran\u00e7as t\u00eam relatado amea\u00e7as de morte constantes.<\/p>\n<p>Estamos diante de mais um ataque \u00e0 vida e \u00e0 dignidade do povo Xakriab\u00e1. Seguimos somando esfor\u00e7os para parar o genoc\u00eddio ind\u00edgena e contra as medidas que querem destruir essas comunidades!<\/p>\n","protected":false},"excerpt":{"rendered":"<p>Nesta segunda-feira, 28\/6, junto com a bancada do PSOL na C\u00e2mara, solicitamos \u00e0 Subprocuradoria-Geral da Rep\u00fablica (PGR) provid\u00eancias urgentes para [&hellip;]<\/p>\n","protected":false},"author":1,"featured_media":1209,"comment_status":"closed","ping_status":"closed","sticky":false,"template":"","format":"standard","meta":[],"categories":[16],"tags":[],"yoast_head":"<!-- This site is optimized with the Yoast SEO plugin v16.4 - https:\/\/yoast.com\/wordpress\/plugins\/seo\/ -->\n<title>Inc\u00eandio no territ\u00f3rio Xarkiab\u00e1! \u00c1urea Carolina e bancada do PSOL acionam PGR para\u00a0investiga\u00e7\u00e3o, prote\u00e7\u00e3o e repara\u00e7\u00e3o da comunidade - \u00c1urea Carolina<\/title>\n<meta name=\"robots\" content=\"index, follow, max-snippet:-1, max-image-preview:large, max-video-preview:-1\" \/>\n<link rel=\"canonical\" href=\"https:\/\/www.aureacarolina.com.br\/camara\/2021\/06\/28\/incendio-no-territorio-xarkiaba-aurea-carolina-e-bancada-do-psol-acionam-pgr-para-investigacao-protecao-e-reparacao-da-comunidade\/\" \/>\n<meta property=\"og:locale\" content=\"pt_BR\" \/>\n<meta property=\"og:type\" content=\"article\" \/>\n<meta property=\"og:title\" content=\"Inc\u00eandio no territ\u00f3rio Xarkiab\u00e1! \u00c1urea Carolina e bancada do PSOL acionam PGR para\u00a0investiga\u00e7\u00e3o, prote\u00e7\u00e3o e repara\u00e7\u00e3o da comunidade - \u00c1urea Carolina\" \/>\n<meta property=\"og:description\" content=\"Nesta segunda-feira, 28\/6, junto com a bancada do PSOL na C\u00e2mara, solicitamos \u00e0 Subprocuradoria-Geral da Rep\u00fablica (PGR) provid\u00eancias urgentes para [&hellip;]\" \/>\n<meta property=\"og:url\" content=\"https:\/\/www.aureacarolina.com.br\/camara\/2021\/06\/28\/incendio-no-territorio-xarkiaba-aurea-carolina-e-bancada-do-psol-acionam-pgr-para-investigacao-protecao-e-reparacao-da-comunidade\/\" \/>\n<meta property=\"og:site_name\" content=\"\u00c1urea Carolina\" \/>\n<meta property=\"article:published_time\" content=\"2021-06-28T21:38:56+00:00\" \/>\n<meta property=\"article:modified_time\" content=\"2021-06-28T21:57:32+00:00\" \/>\n<meta property=\"og:image\" content=\"https:\/\/www.aureacarolina.com.br\/camara\/wp-content\/uploads\/2021\/06\/image.png\" \/>\n\t<meta property=\"og:image:width\" content=\"769\" \/>\n\t<meta property=\"og:image:height\" content=\"763\" \/>\n<meta name=\"twitter:card\" content=\"summary_large_image\" \/>\n<meta name=\"twitter:label1\" content=\"Est. tempo de leitura\" \/>\n\t<meta name=\"twitter:data1\" content=\"1 minuto\" \/>\n<script type=\"application\/ld+json\" class=\"yoast-schema-graph\">{\"@context\":\"https:\/\/schema.org\",\"@graph\":[{\"@type\":\"WebSite\",\"@id\":\"https:\/\/www.aureacarolina.com.br\/camara\/#website\",\"url\":\"https:\/\/www.aureacarolina.com.br\/camara\/\",\"name\":\"\\u00c1urea Carolina\",\"description\":\"deputada federal\",\"potentialAction\":[{\"@type\":\"SearchAction\",\"target\":\"https:\/\/www.aureacarolina.com.br\/camara\/?s={search_term_string}\",\"query-input\":\"required name=search_term_string\"}],\"inLanguage\":\"pt-BR\"},{\"@type\":\"ImageObject\",\"@id\":\"https:\/\/www.aureacarolina.com.br\/camara\/2021\/06\/28\/incendio-no-territorio-xarkiaba-aurea-carolina-e-bancada-do-psol-acionam-pgr-para-investigacao-protecao-e-reparacao-da-comunidade\/#primaryimage\",\"inLanguage\":\"pt-BR\",\"url\":\"https:\/\/www.aureacarolina.com.br\/camara\/wp-content\/uploads\/2021\/06\/image.png\",\"contentUrl\":\"https:\/\/www.aureacarolina.com.br\/camara\/wp-content\/uploads\/2021\/06\/image.png\",\"width\":769,\"height\":763},{\"@type\":\"WebPage\",\"@id\":\"https:\/\/www.aureacarolina.com.br\/camara\/2021\/06\/28\/incendio-no-territorio-xarkiaba-aurea-carolina-e-bancada-do-psol-acionam-pgr-para-investigacao-protecao-e-reparacao-da-comunidade\/#webpage\",\"url\":\"https:\/\/www.aureacarolina.com.br\/camara\/2021\/06\/28\/incendio-no-territorio-xarkiaba-aurea-carolina-e-bancada-do-psol-acionam-pgr-para-investigacao-protecao-e-reparacao-da-comunidade\/\",\"name\":\"Inc\\u00eandio no territ\\u00f3rio Xarkiab\\u00e1! \\u00c1urea Carolina e bancada do PSOL acionam PGR para\\u00a0investiga\\u00e7\\u00e3o, prote\\u00e7\\u00e3o e repara\\u00e7\\u00e3o da comunidade - \\u00c1urea Carolina\",\"isPartOf\":{\"@id\":\"https:\/\/www.aureacarolina.com.br\/camara\/#website\"},\"primaryImageOfPage\":{\"@id\":\"https:\/\/www.aureacarolina.com.br\/camara\/2021\/06\/28\/incendio-no-territorio-xarkiaba-aurea-carolina-e-bancada-do-psol-acionam-pgr-para-investigacao-protecao-e-reparacao-da-comunidade\/#primaryimage\"},\"datePublished\":\"2021-06-28T21:38:56+00:00\",\"dateModified\":\"2021-06-28T21:57:32+00:00\",\"author\":{\"@id\":\"https:\/\/www.aureacarolina.com.br\/camara\/#\/schema\/person\/ea5a01c25f36c70fae3fe96859684ab1\"},\"breadcrumb\":{\"@id\":\"https:\/\/www.aureacarolina.com.br\/camara\/2021\/06\/28\/incendio-no-territorio-xarkiaba-aurea-carolina-e-bancada-do-psol-acionam-pgr-para-investigacao-protecao-e-reparacao-da-comunidade\/#breadcrumb\"},\"inLanguage\":\"pt-BR\",\"potentialAction\":[{\"@type\":\"ReadAction\",\"target\":[\"https:\/\/www.aureacarolina.com.br\/camara\/2021\/06\/28\/incendio-no-territorio-xarkiaba-aurea-carolina-e-bancada-do-psol-acionam-pgr-para-investigacao-protecao-e-reparacao-da-comunidade\/\"]}]},{\"@type\":\"BreadcrumbList\",\"@id\":\"https:\/\/www.aureacarolina.com.br\/camara\/2021\/06\/28\/incendio-no-territorio-xarkiaba-aurea-carolina-e-bancada-do-psol-acionam-pgr-para-investigacao-protecao-e-reparacao-da-comunidade\/#breadcrumb\",\"itemListElement\":[{\"@type\":\"ListItem\",\"position\":1,\"item\":{\"@type\":\"WebPage\",\"@id\":\"https:\/\/www.aureacarolina.com.br\/camara\/\",\"url\":\"https:\/\/www.aureacarolina.com.br\/camara\/\",\"name\":\"In\\u00edcio\"}},{\"@type\":\"ListItem\",\"position\":2,\"item\":{\"@id\":\"https:\/\/www.aureacarolina.com.br\/camara\/2021\/06\/28\/incendio-no-territorio-xarkiaba-aurea-carolina-e-bancada-do-psol-acionam-pgr-para-investigacao-protecao-e-reparacao-da-comunidade\/#webpage\"}}]},{\"@type\":\"Person\",\"@id\":\"https:\/\/www.aureacarolina.com.br\/camara\/#\/schema\/person\/ea5a01c25f36c70fae3fe96859684ab1\",\"name\":\"AdmAurea\",\"image\":{\"@type\":\"ImageObject\",\"@id\":\"https:\/\/www.aureacarolina.com.br\/camara\/#personlogo\",\"inLanguage\":\"pt-BR\",\"url\":\"https:\/\/secure.gravatar.com\/avatar\/21a05777d1847c3fb829a6c9f224ea0d?s=96&d=mm&r=g\",\"contentUrl\":\"https:\/\/secure.gravatar.com\/avatar\/21a05777d1847c3fb829a6c9f224ea0d?s=96&d=mm&r=g\",\"caption\":\"AdmAurea\"},\"url\":\"https:\/\/www.aureacarolina.com.br\/camara\/author\/admaurea\/\"}]}<\/script>\n<!-- \/ Yoast SEO plugin. -->","_links":{"self":[{"href":"https:\/\/www.aureacarolina.com.br\/camara\/wp-json\/wp\/v2\/posts\/1208"}],"collection":[{"href":"https:\/\/www.aureacarolina.com.br\/camara\/wp-json\/wp\/v2\/posts"}],"about":[{"href":"https:\/\/www.aureacarolina.com.br\/camara\/wp-json\/wp\/v2\/types\/post"}],"author":[{"embeddable":true,"href":"https:\/\/www.aureacarolina.com.br\/camara\/wp-json\/wp\/v2\/users\/1"}],"replies":[{"embeddable":true,"href":"https:\/\/www.aureacarolina.com.br\/camara\/wp-json\/wp\/v2\/comments?post=1208"}],"version-history":[{"count":1,"href":"https:\/\/www.aureacarolina.com.br\/camara\/wp-json\/wp\/v2\/posts\/1208\/revisions"}],"predecessor-version":[{"id":1210,"href":"https:\/\/www.aureacarolina.com.br\/camara\/wp-json\/wp\/v2\/posts\/1208\/revisions\/1210"}],"wp:featuredmedia":[{"embeddable":true,"href":"https:\/\/www.aureacarolina.com.br\/camara\/wp-json\/wp\/v2\/media\/1209"}],"wp:attachment":[{"href":"https:\/\/www.aureacarolina.com.br\/camara\/wp-json\/wp\/v2\/media?parent=1208"}],"wp:term":[{"taxonomy":"category","embeddable":true,"href":"https:\/\/www.aureacarolina.com.br\/camara\/wp-json\/wp\/v2\/categories?post=1208"},{"taxonomy":"post_tag","embeddable":true,"href":"https:\/\/www.aureacarolina.com.br\/camara\/wp-json\/wp\/v2\/tags?post=1208"}],"curies":[{"name":"wp","href":"https:\/\/api.w.org\/{rel}","templated":true}]}}