{"id":1064,"date":"2021-03-29T15:37:05","date_gmt":"2021-03-29T18:37:05","guid":{"rendered":"https:\/\/www.aureacarolina.com.br\/camara\/?p=1064"},"modified":"2021-03-29T15:37:05","modified_gmt":"2021-03-29T18:37:05","slug":"aurea-carolina-quer-garantir-prioridade-na-vacinacao-de-indigenas-nao-aldeados-em-mg","status":"publish","type":"post","link":"https:\/\/www.aureacarolina.com.br\/camara\/2021\/03\/29\/aurea-carolina-quer-garantir-prioridade-na-vacinacao-de-indigenas-nao-aldeados-em-mg\/","title":{"rendered":"\u00c1urea Carolina quer garantir prioridade na vacina\u00e7\u00e3o de ind\u00edgenas n\u00e3o aldeados em MG"},"content":{"rendered":"<p>Nosso mandato acionou a Secretaria Municipal de Sa\u00fade de BH e a Secretaria Estadual de Sa\u00fade de Minas Gerais para assegurar prioridade na vacina\u00e7\u00e3o dos povos ind\u00edgenas que vivem em terras n\u00e3o homologadas ou em espa\u00e7os urbanos.<\/p>\n<p>A prioridade na imuniza\u00e7\u00e3o dessas popula\u00e7\u00f5es, que hoje n\u00e3o t\u00eam acesso ao SUS, foi garantida pelo ministro Lu\u00eds Roberto Barroso, do STF, em resposta a uma a\u00e7\u00e3o proposta pela Articula\u00e7\u00e3o dos Povos Ind\u00edgenas do Brasil (APIB), junto do PSOL e de outros partidos da oposi\u00e7\u00e3o.<\/p>\n<p>Acompanhamos a situa\u00e7\u00e3o dos ind\u00edgenas Patax\u00f3 e Patax\u00f3 H\u00e3-H\u00e3-H\u00e3e desde o crime da Vale em Brumadinho. Diante da devasta\u00e7\u00e3o ambiental e da contamina\u00e7\u00e3o do rio do Paraopeba, essas comunidades tiveram seus modos de vida destru\u00eddos e foram deslocadas para Belo Horizonte e outros centros urbanos no estado. Como relata a Assessoria T\u00e9cnica Independente que as acompanha, a situa\u00e7\u00e3o de vulnerabilidade das fam\u00edlias \u00e9 bastante grave.<\/p>\n<p>Para que a decis\u00e3o do Supremo seja cumprida, pedimos a cria\u00e7\u00e3o urgente de um plano especial de imuniza\u00e7\u00e3o que possa garantir prioridade na vacina\u00e7\u00e3o da popula\u00e7\u00e3o ind\u00edgena que vive em Belo Horizonte e em outras cidades do estado, estabelecendo protocolos espec\u00edficos para esses povos. Requeremos tamb\u00e9m reuni\u00f5es entre representantes das etnias Patax\u00f3 e Patax\u00f3 H\u00e3-H\u00e3-H\u00e3e, institui\u00e7\u00f5es de justi\u00e7a, Funai e \u00f3rg\u00e3os de sa\u00fade e assist\u00eancia social do estado e do munic\u00edpio.<\/p>\n<p>Seguimos na defesa dos direitos dos povos ind\u00edgenas e de todos os povos e comunidades tradicionais!<span class=\"c-message__edited_label\" dir=\"ltr\" data-sk=\"tooltip_parent\"><\/p>\n<p><em>Imagem em destaque: Retomada ind\u00edgena Patax\u00f3 Na\u00f4 Xoh\u00e3, em visita t\u00e9cnica da Comiss\u00e3o Externa Desastre de Brumadinho. Foto de Tam\u00e1s Bodolay.<\/em><\/span><\/p>\n","protected":false},"excerpt":{"rendered":"<p>Nosso mandato acionou a Secretaria Municipal de Sa\u00fade de BH e a Secretaria Estadual de Sa\u00fade de Minas Gerais para [&hellip;]<\/p>\n","protected":false},"author":1,"featured_media":1066,"comment_status":"open","ping_status":"open","sticky":false,"template":"","format":"standard","meta":[],"categories":[10,16],"tags":[],"yoast_head":"<!-- This site is optimized with the Yoast SEO plugin v16.4 - https:\/\/yoast.com\/wordpress\/plugins\/seo\/ -->\n<title>\u00c1urea Carolina quer garantir prioridade na vacina\u00e7\u00e3o de ind\u00edgenas n\u00e3o aldeados em MG - \u00c1urea Carolina<\/title>\n<meta name=\"robots\" content=\"index, follow, max-snippet:-1, max-image-preview:large, max-video-preview:-1\" \/>\n<link rel=\"canonical\" href=\"https:\/\/www.aureacarolina.com.br\/camara\/2021\/03\/29\/aurea-carolina-quer-garantir-prioridade-na-vacinacao-de-indigenas-nao-aldeados-em-mg\/\" \/>\n<meta property=\"og:locale\" content=\"pt_BR\" \/>\n<meta property=\"og:type\" content=\"article\" \/>\n<meta property=\"og:title\" content=\"\u00c1urea Carolina quer garantir prioridade na vacina\u00e7\u00e3o de ind\u00edgenas n\u00e3o aldeados em MG - \u00c1urea Carolina\" \/>\n<meta property=\"og:description\" content=\"Nosso mandato acionou a Secretaria Municipal de Sa\u00fade de BH e a Secretaria Estadual de Sa\u00fade de Minas Gerais para [&hellip;]\" \/>\n<meta property=\"og:url\" content=\"https:\/\/www.aureacarolina.com.br\/camara\/2021\/03\/29\/aurea-carolina-quer-garantir-prioridade-na-vacinacao-de-indigenas-nao-aldeados-em-mg\/\" \/>\n<meta property=\"og:site_name\" content=\"\u00c1urea Carolina\" \/>\n<meta property=\"article:published_time\" content=\"2021-03-29T18:37:05+00:00\" \/>\n<meta property=\"og:image\" content=\"https:\/\/www.aureacarolina.com.br\/camara\/wp-content\/uploads\/2021\/03\/486A4831-scaled.jpg\" \/>\n\t<meta property=\"og:image:width\" content=\"2560\" \/>\n\t<meta property=\"og:image:height\" content=\"1707\" \/>\n<meta name=\"twitter:card\" content=\"summary_large_image\" \/>\n<meta name=\"twitter:label1\" content=\"Est. tempo de leitura\" \/>\n\t<meta name=\"twitter:data1\" content=\"2 minutos\" \/>\n<script type=\"application\/ld+json\" class=\"yoast-schema-graph\">{\"@context\":\"https:\/\/schema.org\",\"@graph\":[{\"@type\":\"WebSite\",\"@id\":\"https:\/\/www.aureacarolina.com.br\/camara\/#website\",\"url\":\"https:\/\/www.aureacarolina.com.br\/camara\/\",\"name\":\"\\u00c1urea Carolina\",\"description\":\"deputada federal\",\"potentialAction\":[{\"@type\":\"SearchAction\",\"target\":\"https:\/\/www.aureacarolina.com.br\/camara\/?s={search_term_string}\",\"query-input\":\"required name=search_term_string\"}],\"inLanguage\":\"pt-BR\"},{\"@type\":\"ImageObject\",\"@id\":\"https:\/\/www.aureacarolina.com.br\/camara\/2021\/03\/29\/aurea-carolina-quer-garantir-prioridade-na-vacinacao-de-indigenas-nao-aldeados-em-mg\/#primaryimage\",\"inLanguage\":\"pt-BR\",\"url\":\"https:\/\/www.aureacarolina.com.br\/camara\/wp-content\/uploads\/2021\/03\/486A4831-scaled.jpg\",\"contentUrl\":\"https:\/\/www.aureacarolina.com.br\/camara\/wp-content\/uploads\/2021\/03\/486A4831-scaled.jpg\",\"width\":2560,\"height\":1707},{\"@type\":\"WebPage\",\"@id\":\"https:\/\/www.aureacarolina.com.br\/camara\/2021\/03\/29\/aurea-carolina-quer-garantir-prioridade-na-vacinacao-de-indigenas-nao-aldeados-em-mg\/#webpage\",\"url\":\"https:\/\/www.aureacarolina.com.br\/camara\/2021\/03\/29\/aurea-carolina-quer-garantir-prioridade-na-vacinacao-de-indigenas-nao-aldeados-em-mg\/\",\"name\":\"\\u00c1urea Carolina quer garantir prioridade na vacina\\u00e7\\u00e3o de ind\\u00edgenas n\\u00e3o aldeados em MG - \\u00c1urea Carolina\",\"isPartOf\":{\"@id\":\"https:\/\/www.aureacarolina.com.br\/camara\/#website\"},\"primaryImageOfPage\":{\"@id\":\"https:\/\/www.aureacarolina.com.br\/camara\/2021\/03\/29\/aurea-carolina-quer-garantir-prioridade-na-vacinacao-de-indigenas-nao-aldeados-em-mg\/#primaryimage\"},\"datePublished\":\"2021-03-29T18:37:05+00:00\",\"dateModified\":\"2021-03-29T18:37:05+00:00\",\"author\":{\"@id\":\"https:\/\/www.aureacarolina.com.br\/camara\/#\/schema\/person\/ea5a01c25f36c70fae3fe96859684ab1\"},\"breadcrumb\":{\"@id\":\"https:\/\/www.aureacarolina.com.br\/camara\/2021\/03\/29\/aurea-carolina-quer-garantir-prioridade-na-vacinacao-de-indigenas-nao-aldeados-em-mg\/#breadcrumb\"},\"inLanguage\":\"pt-BR\",\"potentialAction\":[{\"@type\":\"ReadAction\",\"target\":[\"https:\/\/www.aureacarolina.com.br\/camara\/2021\/03\/29\/aurea-carolina-quer-garantir-prioridade-na-vacinacao-de-indigenas-nao-aldeados-em-mg\/\"]}]},{\"@type\":\"BreadcrumbList\",\"@id\":\"https:\/\/www.aureacarolina.com.br\/camara\/2021\/03\/29\/aurea-carolina-quer-garantir-prioridade-na-vacinacao-de-indigenas-nao-aldeados-em-mg\/#breadcrumb\",\"itemListElement\":[{\"@type\":\"ListItem\",\"position\":1,\"item\":{\"@type\":\"WebPage\",\"@id\":\"https:\/\/www.aureacarolina.com.br\/camara\/\",\"url\":\"https:\/\/www.aureacarolina.com.br\/camara\/\",\"name\":\"In\\u00edcio\"}},{\"@type\":\"ListItem\",\"position\":2,\"item\":{\"@id\":\"https:\/\/www.aureacarolina.com.br\/camara\/2021\/03\/29\/aurea-carolina-quer-garantir-prioridade-na-vacinacao-de-indigenas-nao-aldeados-em-mg\/#webpage\"}}]},{\"@type\":\"Person\",\"@id\":\"https:\/\/www.aureacarolina.com.br\/camara\/#\/schema\/person\/ea5a01c25f36c70fae3fe96859684ab1\",\"name\":\"AdmAurea\",\"image\":{\"@type\":\"ImageObject\",\"@id\":\"https:\/\/www.aureacarolina.com.br\/camara\/#personlogo\",\"inLanguage\":\"pt-BR\",\"url\":\"https:\/\/secure.gravatar.com\/avatar\/21a05777d1847c3fb829a6c9f224ea0d?s=96&d=mm&r=g\",\"contentUrl\":\"https:\/\/secure.gravatar.com\/avatar\/21a05777d1847c3fb829a6c9f224ea0d?s=96&d=mm&r=g\",\"caption\":\"AdmAurea\"},\"url\":\"https:\/\/www.aureacarolina.com.br\/camara\/author\/admaurea\/\"}]}<\/script>\n<!-- \/ Yoast SEO plugin. -->","_links":{"self":[{"href":"https:\/\/www.aureacarolina.com.br\/camara\/wp-json\/wp\/v2\/posts\/1064"}],"collection":[{"href":"https:\/\/www.aureacarolina.com.br\/camara\/wp-json\/wp\/v2\/posts"}],"about":[{"href":"https:\/\/www.aureacarolina.com.br\/camara\/wp-json\/wp\/v2\/types\/post"}],"author":[{"embeddable":true,"href":"https:\/\/www.aureacarolina.com.br\/camara\/wp-json\/wp\/v2\/users\/1"}],"replies":[{"embeddable":true,"href":"https:\/\/www.aureacarolina.com.br\/camara\/wp-json\/wp\/v2\/comments?post=1064"}],"version-history":[{"count":1,"href":"https:\/\/www.aureacarolina.com.br\/camara\/wp-json\/wp\/v2\/posts\/1064\/revisions"}],"predecessor-version":[{"id":1067,"href":"https:\/\/www.aureacarolina.com.br\/camara\/wp-json\/wp\/v2\/posts\/1064\/revisions\/1067"}],"wp:featuredmedia":[{"embeddable":true,"href":"https:\/\/www.aureacarolina.com.br\/camara\/wp-json\/wp\/v2\/media\/1066"}],"wp:attachment":[{"href":"https:\/\/www.aureacarolina.com.br\/camara\/wp-json\/wp\/v2\/media?parent=1064"}],"wp:term":[{"taxonomy":"category","embeddable":true,"href":"https:\/\/www.aureacarolina.com.br\/camara\/wp-json\/wp\/v2\/categories?post=1064"},{"taxonomy":"post_tag","embeddable":true,"href":"https:\/\/www.aureacarolina.com.br\/camara\/wp-json\/wp\/v2\/tags?post=1064"}],"curies":[{"name":"wp","href":"https:\/\/api.w.org\/{rel}","templated":true}]}}