{"id":1027,"date":"2021-03-12T11:44:58","date_gmt":"2021-03-12T14:44:58","guid":{"rendered":"https:\/\/www.aureacarolina.com.br\/camara\/?p=1027"},"modified":"2021-03-12T11:44:58","modified_gmt":"2021-03-12T14:44:58","slug":"triste-brasil-pec-186-aprovada","status":"publish","type":"post","link":"https:\/\/www.aureacarolina.com.br\/camara\/2021\/03\/12\/triste-brasil-pec-186-aprovada\/","title":{"rendered":"Triste Brasil: PEC 186 aprovada"},"content":{"rendered":"<p>Depois de uma semana infernal, a C\u00e2mara aprovou definitivamente a PEC 186 nesta quinta-feira. N\u00e3o vai ter aux\u00edlio emergencial decente e inclusivo. Servidores p\u00fablicos saem extremamente prejudicados. Aumenta o estrangulamento fiscal de estados e munic\u00edpios. Lutamos com todas as for\u00e7as, mas n\u00e3o pudemos evitar uma derrota t\u00e3o terr\u00edvel.<\/p>\n<p>Chamada de &#8220;Emergencial&#8221;, \u00e9 na real uma chantagem perversa com quem mais precisa de socorro para enfrentar a crise. Guedes e Bolsonaro venderam a ideia de que, para evitar que voc\u00ea e sua fam\u00edlia caiam na mis\u00e9ria, \u00e9 necess\u00e1rio cortar investimentos em sa\u00fade, educa\u00e7\u00e3o e pol\u00edticas sociais; e congelar os sal\u00e1rios de servidores p\u00fablicos. \u00c9 uma mentira que trai a popula\u00e7\u00e3o brasileira: o resultado ser\u00e1 mais empobrecimento, desemprego e piora da situa\u00e7\u00e3o de quem j\u00e1 est\u00e1 passando aperto.<\/p>\n<p>Testemunhar colegas parlamentares, a maioria apoiadores fi\u00e9is de Jair Bolsonaro, defendendo que a destrui\u00e7\u00e3o dos servi\u00e7os que atendem \u00e0 popula\u00e7\u00e3o \u00e9 necess\u00e1ria para o retorno do aux\u00edlio que garante comida na mesa das fam\u00edlias revelou para mim como parte do Parlamento perdeu qualquer sensibilidade diante da realidade do pa\u00eds.<\/p>\n<p>\u00c9 desolador. O @psolnac\u00e2mara lutou com todas as for\u00e7as junto com outros partidos da oposi\u00e7\u00e3o para que a medida n\u00e3o avan\u00e7asse.<\/p>\n<p>O texto veio do Senado, agora segue para san\u00e7\u00e3o presidencial. Bolsonaro poder\u00e1 comemorar mais uma vit\u00f3ria cruel do seu governo contra a vida do povo brasileiro.<\/p>\n<p>Eu n\u00e3o descansarei. Vou defender voc\u00ea, sua fam\u00edlia, trabalhadoras e trabalhadores de qualquer medida que tenha como objetivo arrancar direitos. Esse \u00e9 meu compromisso. Nele me mantenho firme por todas n\u00f3s e pelo Brasil.<\/p>\n","protected":false},"excerpt":{"rendered":"<p>Depois de uma semana infernal, a C\u00e2mara aprovou definitivamente a PEC 186 nesta quinta-feira. N\u00e3o vai ter aux\u00edlio emergencial decente [&hellip;]<\/p>\n","protected":false},"author":1,"featured_media":1028,"comment_status":"open","ping_status":"open","sticky":false,"template":"","format":"standard","meta":[],"categories":[16],"tags":[],"yoast_head":"<!-- This site is optimized with the Yoast SEO plugin v16.4 - https:\/\/yoast.com\/wordpress\/plugins\/seo\/ -->\n<title>Triste Brasil: PEC 186 aprovada - \u00c1urea Carolina<\/title>\n<meta name=\"robots\" content=\"index, follow, max-snippet:-1, max-image-preview:large, max-video-preview:-1\" \/>\n<link rel=\"canonical\" href=\"https:\/\/www.aureacarolina.com.br\/camara\/2021\/03\/12\/triste-brasil-pec-186-aprovada\/\" \/>\n<meta property=\"og:locale\" content=\"pt_BR\" \/>\n<meta property=\"og:type\" content=\"article\" \/>\n<meta property=\"og:title\" content=\"Triste Brasil: PEC 186 aprovada - \u00c1urea Carolina\" \/>\n<meta property=\"og:description\" content=\"Depois de uma semana infernal, a C\u00e2mara aprovou definitivamente a PEC 186 nesta quinta-feira. N\u00e3o vai ter aux\u00edlio emergencial decente [&hellip;]\" \/>\n<meta property=\"og:url\" content=\"https:\/\/www.aureacarolina.com.br\/camara\/2021\/03\/12\/triste-brasil-pec-186-aprovada\/\" \/>\n<meta property=\"og:site_name\" content=\"\u00c1urea Carolina\" \/>\n<meta property=\"article:published_time\" content=\"2021-03-12T14:44:58+00:00\" \/>\n<meta property=\"og:image\" content=\"https:\/\/www.aureacarolina.com.br\/camara\/wp-content\/uploads\/2021\/03\/2020-10-12_COBERTURA_OCUPACAO_CAROLINA_DE_JESUS_0044-e1616081410622.jpg\" \/>\n\t<meta property=\"og:image:width\" content=\"1024\" \/>\n\t<meta property=\"og:image:height\" content=\"1024\" \/>\n<meta name=\"twitter:card\" content=\"summary_large_image\" \/>\n<meta name=\"twitter:label1\" content=\"Est. tempo de leitura\" \/>\n\t<meta name=\"twitter:data1\" content=\"1 minuto\" \/>\n<script type=\"application\/ld+json\" class=\"yoast-schema-graph\">{\"@context\":\"https:\/\/schema.org\",\"@graph\":[{\"@type\":\"WebSite\",\"@id\":\"https:\/\/www.aureacarolina.com.br\/camara\/#website\",\"url\":\"https:\/\/www.aureacarolina.com.br\/camara\/\",\"name\":\"\\u00c1urea Carolina\",\"description\":\"deputada federal\",\"potentialAction\":[{\"@type\":\"SearchAction\",\"target\":\"https:\/\/www.aureacarolina.com.br\/camara\/?s={search_term_string}\",\"query-input\":\"required name=search_term_string\"}],\"inLanguage\":\"pt-BR\"},{\"@type\":\"ImageObject\",\"@id\":\"https:\/\/www.aureacarolina.com.br\/camara\/2021\/03\/12\/triste-brasil-pec-186-aprovada\/#primaryimage\",\"inLanguage\":\"pt-BR\",\"url\":\"https:\/\/www.aureacarolina.com.br\/camara\/wp-content\/uploads\/2021\/03\/2020-10-12_COBERTURA_OCUPACAO_CAROLINA_DE_JESUS_0044-e1616081410622.jpg\",\"contentUrl\":\"https:\/\/www.aureacarolina.com.br\/camara\/wp-content\/uploads\/2021\/03\/2020-10-12_COBERTURA_OCUPACAO_CAROLINA_DE_JESUS_0044-e1616081410622.jpg\",\"width\":1024,\"height\":1024},{\"@type\":\"WebPage\",\"@id\":\"https:\/\/www.aureacarolina.com.br\/camara\/2021\/03\/12\/triste-brasil-pec-186-aprovada\/#webpage\",\"url\":\"https:\/\/www.aureacarolina.com.br\/camara\/2021\/03\/12\/triste-brasil-pec-186-aprovada\/\",\"name\":\"Triste Brasil: PEC 186 aprovada - \\u00c1urea Carolina\",\"isPartOf\":{\"@id\":\"https:\/\/www.aureacarolina.com.br\/camara\/#website\"},\"primaryImageOfPage\":{\"@id\":\"https:\/\/www.aureacarolina.com.br\/camara\/2021\/03\/12\/triste-brasil-pec-186-aprovada\/#primaryimage\"},\"datePublished\":\"2021-03-12T14:44:58+00:00\",\"dateModified\":\"2021-03-12T14:44:58+00:00\",\"author\":{\"@id\":\"https:\/\/www.aureacarolina.com.br\/camara\/#\/schema\/person\/ea5a01c25f36c70fae3fe96859684ab1\"},\"breadcrumb\":{\"@id\":\"https:\/\/www.aureacarolina.com.br\/camara\/2021\/03\/12\/triste-brasil-pec-186-aprovada\/#breadcrumb\"},\"inLanguage\":\"pt-BR\",\"potentialAction\":[{\"@type\":\"ReadAction\",\"target\":[\"https:\/\/www.aureacarolina.com.br\/camara\/2021\/03\/12\/triste-brasil-pec-186-aprovada\/\"]}]},{\"@type\":\"BreadcrumbList\",\"@id\":\"https:\/\/www.aureacarolina.com.br\/camara\/2021\/03\/12\/triste-brasil-pec-186-aprovada\/#breadcrumb\",\"itemListElement\":[{\"@type\":\"ListItem\",\"position\":1,\"item\":{\"@type\":\"WebPage\",\"@id\":\"https:\/\/www.aureacarolina.com.br\/camara\/\",\"url\":\"https:\/\/www.aureacarolina.com.br\/camara\/\",\"name\":\"In\\u00edcio\"}},{\"@type\":\"ListItem\",\"position\":2,\"item\":{\"@id\":\"https:\/\/www.aureacarolina.com.br\/camara\/2021\/03\/12\/triste-brasil-pec-186-aprovada\/#webpage\"}}]},{\"@type\":\"Person\",\"@id\":\"https:\/\/www.aureacarolina.com.br\/camara\/#\/schema\/person\/ea5a01c25f36c70fae3fe96859684ab1\",\"name\":\"AdmAurea\",\"image\":{\"@type\":\"ImageObject\",\"@id\":\"https:\/\/www.aureacarolina.com.br\/camara\/#personlogo\",\"inLanguage\":\"pt-BR\",\"url\":\"https:\/\/secure.gravatar.com\/avatar\/21a05777d1847c3fb829a6c9f224ea0d?s=96&d=mm&r=g\",\"contentUrl\":\"https:\/\/secure.gravatar.com\/avatar\/21a05777d1847c3fb829a6c9f224ea0d?s=96&d=mm&r=g\",\"caption\":\"AdmAurea\"},\"url\":\"https:\/\/www.aureacarolina.com.br\/camara\/author\/admaurea\/\"}]}<\/script>\n<!-- \/ Yoast SEO plugin. -->","_links":{"self":[{"href":"https:\/\/www.aureacarolina.com.br\/camara\/wp-json\/wp\/v2\/posts\/1027"}],"collection":[{"href":"https:\/\/www.aureacarolina.com.br\/camara\/wp-json\/wp\/v2\/posts"}],"about":[{"href":"https:\/\/www.aureacarolina.com.br\/camara\/wp-json\/wp\/v2\/types\/post"}],"author":[{"embeddable":true,"href":"https:\/\/www.aureacarolina.com.br\/camara\/wp-json\/wp\/v2\/users\/1"}],"replies":[{"embeddable":true,"href":"https:\/\/www.aureacarolina.com.br\/camara\/wp-json\/wp\/v2\/comments?post=1027"}],"version-history":[{"count":1,"href":"https:\/\/www.aureacarolina.com.br\/camara\/wp-json\/wp\/v2\/posts\/1027\/revisions"}],"predecessor-version":[{"id":1029,"href":"https:\/\/www.aureacarolina.com.br\/camara\/wp-json\/wp\/v2\/posts\/1027\/revisions\/1029"}],"wp:featuredmedia":[{"embeddable":true,"href":"https:\/\/www.aureacarolina.com.br\/camara\/wp-json\/wp\/v2\/media\/1028"}],"wp:attachment":[{"href":"https:\/\/www.aureacarolina.com.br\/camara\/wp-json\/wp\/v2\/media?parent=1027"}],"wp:term":[{"taxonomy":"category","embeddable":true,"href":"https:\/\/www.aureacarolina.com.br\/camara\/wp-json\/wp\/v2\/categories?post=1027"},{"taxonomy":"post_tag","embeddable":true,"href":"https:\/\/www.aureacarolina.com.br\/camara\/wp-json\/wp\/v2\/tags?post=1027"}],"curies":[{"name":"wp","href":"https:\/\/api.w.org\/{rel}","templated":true}]}}